{"id":24746,"date":"2024-09-13T14:16:30","date_gmt":"2024-09-13T12:16:30","guid":{"rendered":"https:\/\/www.laboratoires-unisson.com\/actualites\/echelle-des-decibels-comment-mesurer-le-bruit"},"modified":"2025-06-23T11:20:32","modified_gmt":"2025-06-23T09:20:32","slug":"echelle-des-decibels-comment-mesurer-le-bruit","status":"publish","type":"post","link":"https:\/\/www.laboratoires-unisson.com\/fr-be\/actualites\/echelle-des-decibels-comment-mesurer-le-bruit","title":{"rendered":"\u00c9chelle des d\u00e9cibels : comment mesurer le bruit ?"},"content":{"rendered":"","protected":false},"excerpt":{"rendered":"<p>Le bruit fait partie int\u00e9grante de notre environnement quotidien, que ce soit le vrombissement de la circulation urbaine, le brouhaha d&#8217;un restaurant anim\u00e9 ou les m\u00e9lodies entra\u00eenantes d&#8217;un concert. D\u00e9couvrez ce qu\u2019est l\u2019\u00e9chelle des d\u00e9cibels, son fonctionnement, et son importance pour notre sant\u00e9 auditive.<\/p>\n","protected":false},"author":3,"featured_media":22081,"comment_status":"closed","ping_status":"closed","sticky":false,"template":"","format":"standard","meta":{"_acf_changed":false,"footnotes":""},"categories":[1],"tags":[],"class_list":["post-24746","post","type-post","status-publish","format-standard","has-post-thumbnail","hentry","category-non-classifiee"],"acf":[],"yoast_head":"<!-- This site is optimized with the Yoast SEO plugin v27.1.1 - https:\/\/yoast.com\/product\/yoast-seo-wordpress\/ -->\n<title>\u00c9chelle de d\u00e9cibels : comprendre et mesurer le bruit<\/title>\n<meta name=\"description\" content=\"D\u00e9couvrez l&#039;\u00e9chelle des d\u00e9cibels, son fonctionnement et son importance pour votre sant\u00e9 auditive. Nos conseils pour prot\u00e9ger votre audition.\" \/>\n<meta name=\"robots\" content=\"index, follow, max-snippet:-1, max-image-preview:large, max-video-preview:-1\" \/>\n<link rel=\"canonical\" href=\"https:\/\/www.laboratoires-unisson.com\/fr-be\/wp-json\/wp\/v2\/posts\/24746\" \/>\n<meta property=\"og:locale\" content=\"fr_FR\" \/>\n<meta property=\"og:type\" content=\"article\" \/>\n<meta property=\"og:title\" content=\"\u00c9chelle de d\u00e9cibels : comprendre et mesurer le bruit\" \/>\n<meta property=\"og:description\" content=\"D\u00e9couvrez l&#039;\u00e9chelle des d\u00e9cibels, son fonctionnement et son importance pour votre sant\u00e9 auditive. Nos conseils pour prot\u00e9ger votre audition.\" \/>\n<meta property=\"og:url\" content=\"https:\/\/www.laboratoires-unisson.com\/fr-be\/actualites\/echelle-des-decibels-comment-mesurer-le-bruit\" \/>\n<meta property=\"og:site_name\" content=\"Laboratoires Unisson\" \/>\n<meta property=\"article:published_time\" content=\"2024-09-13T12:16:30+00:00\" \/>\n<meta property=\"article:modified_time\" content=\"2025-06-23T09:20:32+00:00\" \/>\n<meta property=\"og:image\" content=\"https:\/\/www.laboratoires-unisson.com\/wp-content\/uploads\/2024\/09\/mesure-du-bruit.jpg\" \/>\n\t<meta property=\"og:image:width\" content=\"800\" \/>\n\t<meta property=\"og:image:height\" content=\"533\" \/>\n\t<meta property=\"og:image:type\" content=\"image\/jpeg\" \/>\n<meta name=\"author\" content=\"Amandine\" \/>\n<meta name=\"twitter:card\" content=\"summary_large_image\" \/>\n<meta name=\"twitter:label1\" content=\"Written by\" \/>\n\t<meta name=\"twitter:data1\" content=\"Amandine\" \/>\n\t<meta name=\"twitter:label2\" content=\"Est. reading time\" \/>\n\t<meta name=\"twitter:data2\" content=\"1 minute\" \/>\n<script type=\"application\/ld+json\" class=\"yoast-schema-graph\">{\"@context\":\"https:\/\/schema.org\",\"@graph\":[{\"@type\":\"Article\",\"@id\":\"https:\/\/www.laboratoires-unisson.com\/fr-be\/actualites\/echelle-des-decibels-comment-mesurer-le-bruit#article\",\"isPartOf\":{\"@id\":\"https:\/\/www.laboratoires-unisson.com\/fr-be\/actualites\/echelle-des-decibels-comment-mesurer-le-bruit\"},\"author\":{\"name\":\"Amandine\",\"@id\":\"https:\/\/www.laboratoires-unisson.com\/fr-be#\/schema\/person\/51b65e6e2826cc55d237c62a84c2cbdc\"},\"headline\":\"\u00c9chelle des d\u00e9cibels : comment mesurer le bruit ?\",\"datePublished\":\"2024-09-13T12:16:30+00:00\",\"dateModified\":\"2025-06-23T09:20:32+00:00\",\"mainEntityOfPage\":{\"@id\":\"https:\/\/www.laboratoires-unisson.com\/fr-be\/actualites\/echelle-des-decibels-comment-mesurer-le-bruit\"},\"wordCount\":8,\"publisher\":{\"@id\":\"https:\/\/www.laboratoires-unisson.com\/fr-be#organization\"},\"image\":{\"@id\":\"https:\/\/www.laboratoires-unisson.com\/fr-be\/actualites\/echelle-des-decibels-comment-mesurer-le-bruit#primaryimage\"},\"thumbnailUrl\":\"https:\/\/www.laboratoires-unisson.com\/wp-content\/uploads\/2024\/09\/mesure-du-bruit.jpg\",\"articleSection\":[\"Non classifi\u00e9(e)\"],\"inLanguage\":\"fr-BE\"},{\"@type\":\"WebPage\",\"@id\":\"https:\/\/www.laboratoires-unisson.com\/fr-be\/actualites\/echelle-des-decibels-comment-mesurer-le-bruit\",\"url\":\"https:\/\/www.laboratoires-unisson.com\/fr-be\/actualites\/echelle-des-decibels-comment-mesurer-le-bruit\",\"name\":\"\u00c9chelle de d\u00e9cibels : comprendre et mesurer le bruit\",\"isPartOf\":{\"@id\":\"https:\/\/www.laboratoires-unisson.com\/fr-be#website\"},\"primaryImageOfPage\":{\"@id\":\"https:\/\/www.laboratoires-unisson.com\/fr-be\/actualites\/echelle-des-decibels-comment-mesurer-le-bruit#primaryimage\"},\"image\":{\"@id\":\"https:\/\/www.laboratoires-unisson.com\/fr-be\/actualites\/echelle-des-decibels-comment-mesurer-le-bruit#primaryimage\"},\"thumbnailUrl\":\"https:\/\/www.laboratoires-unisson.com\/wp-content\/uploads\/2024\/09\/mesure-du-bruit.jpg\",\"datePublished\":\"2024-09-13T12:16:30+00:00\",\"dateModified\":\"2025-06-23T09:20:32+00:00\",\"description\":\"D\u00e9couvrez l'\u00e9chelle des d\u00e9cibels, son fonctionnement et son importance pour votre sant\u00e9 auditive. Nos conseils pour prot\u00e9ger votre audition.\",\"inLanguage\":\"fr-BE\",\"potentialAction\":[{\"@type\":\"ReadAction\",\"target\":[\"https:\/\/www.laboratoires-unisson.com\/fr-be\/actualites\/echelle-des-decibels-comment-mesurer-le-bruit\"]}]},{\"@type\":\"ImageObject\",\"inLanguage\":\"fr-BE\",\"@id\":\"https:\/\/www.laboratoires-unisson.com\/fr-be\/actualites\/echelle-des-decibels-comment-mesurer-le-bruit#primaryimage\",\"url\":\"https:\/\/www.laboratoires-unisson.com\/wp-content\/uploads\/2024\/09\/mesure-du-bruit.jpg\",\"contentUrl\":\"https:\/\/www.laboratoires-unisson.com\/wp-content\/uploads\/2024\/09\/mesure-du-bruit.jpg\",\"width\":800,\"height\":533,\"caption\":\"mesure du bruit\"},{\"@type\":\"WebSite\",\"@id\":\"https:\/\/www.laboratoires-unisson.com\/fr-be#website\",\"url\":\"https:\/\/www.laboratoires-unisson.com\/fr-be\",\"name\":\"Laboratoires Unisson\",\"description\":\"Appareil auditif et proth\u00e8se auditive Moins Cher jusqu&#039;\u00e0 -40%\",\"publisher\":{\"@id\":\"https:\/\/www.laboratoires-unisson.com\/fr-be#organization\"},\"potentialAction\":[{\"@type\":\"SearchAction\",\"target\":{\"@type\":\"EntryPoint\",\"urlTemplate\":\"https:\/\/www.laboratoires-unisson.com\/fr-be?s={search_term_string}\"},\"query-input\":{\"@type\":\"PropertyValueSpecification\",\"valueRequired\":true,\"valueName\":\"search_term_string\"}}],\"inLanguage\":\"fr-BE\"},{\"@type\":\"Organization\",\"@id\":\"https:\/\/www.laboratoires-unisson.com\/fr-be#organization\",\"name\":\"Laboratoires Unisson\",\"url\":\"https:\/\/www.laboratoires-unisson.com\/fr-be\",\"logo\":{\"@type\":\"ImageObject\",\"inLanguage\":\"fr-BE\",\"@id\":\"https:\/\/www.laboratoires-unisson.com\/fr-be#\/schema\/logo\/image\/\",\"url\":\"https:\/\/www.laboratoires-unisson.com\/wp-content\/uploads\/2022\/01\/logo-unisson.svg\",\"contentUrl\":\"https:\/\/www.laboratoires-unisson.com\/wp-content\/uploads\/2022\/01\/logo-unisson.svg\",\"width\":1,\"height\":1,\"caption\":\"Laboratoires Unisson\"},\"image\":{\"@id\":\"https:\/\/www.laboratoires-unisson.com\/fr-be#\/schema\/logo\/image\/\"}},{\"@type\":\"Person\",\"@id\":\"https:\/\/www.laboratoires-unisson.com\/fr-be#\/schema\/person\/51b65e6e2826cc55d237c62a84c2cbdc\",\"name\":\"Amandine\",\"sameAs\":[\"https:\/\/www.linkedin.com\/in\/amandine-picouleau\/?original_referer=httpswwwgooglecom&originalSubdomain=fr\"]}]}<\/script>\n<!-- \/ Yoast SEO plugin. -->","yoast_head_json":{"title":"\u00c9chelle de d\u00e9cibels : comprendre et mesurer le bruit","description":"D\u00e9couvrez l'\u00e9chelle des d\u00e9cibels, son fonctionnement et son importance pour votre sant\u00e9 auditive. Nos conseils pour prot\u00e9ger votre audition.","robots":{"index":"index","follow":"follow","max-snippet":"max-snippet:-1","max-image-preview":"max-image-preview:large","max-video-preview":"max-video-preview:-1"},"canonical":"https:\/\/www.laboratoires-unisson.com\/fr-be\/wp-json\/wp\/v2\/posts\/24746","og_locale":"fr_FR","og_type":"article","og_title":"\u00c9chelle de d\u00e9cibels : comprendre et mesurer le bruit","og_description":"D\u00e9couvrez l'\u00e9chelle des d\u00e9cibels, son fonctionnement et son importance pour votre sant\u00e9 auditive. Nos conseils pour prot\u00e9ger votre audition.","og_url":"https:\/\/www.laboratoires-unisson.com\/fr-be\/actualites\/echelle-des-decibels-comment-mesurer-le-bruit","og_site_name":"Laboratoires Unisson","article_published_time":"2024-09-13T12:16:30+00:00","article_modified_time":"2025-06-23T09:20:32+00:00","og_image":[{"width":800,"height":533,"url":"https:\/\/www.laboratoires-unisson.com\/wp-content\/uploads\/2024\/09\/mesure-du-bruit.jpg","type":"image\/jpeg"}],"author":"Amandine","twitter_card":"summary_large_image","twitter_misc":{"Written by":"Amandine","Est. reading time":"1 minute"},"schema":{"@context":"https:\/\/schema.org","@graph":[{"@type":"Article","@id":"https:\/\/www.laboratoires-unisson.com\/fr-be\/actualites\/echelle-des-decibels-comment-mesurer-le-bruit#article","isPartOf":{"@id":"https:\/\/www.laboratoires-unisson.com\/fr-be\/actualites\/echelle-des-decibels-comment-mesurer-le-bruit"},"author":{"name":"Amandine","@id":"https:\/\/www.laboratoires-unisson.com\/fr-be#\/schema\/person\/51b65e6e2826cc55d237c62a84c2cbdc"},"headline":"\u00c9chelle des d\u00e9cibels : comment mesurer le bruit ?","datePublished":"2024-09-13T12:16:30+00:00","dateModified":"2025-06-23T09:20:32+00:00","mainEntityOfPage":{"@id":"https:\/\/www.laboratoires-unisson.com\/fr-be\/actualites\/echelle-des-decibels-comment-mesurer-le-bruit"},"wordCount":8,"publisher":{"@id":"https:\/\/www.laboratoires-unisson.com\/fr-be#organization"},"image":{"@id":"https:\/\/www.laboratoires-unisson.com\/fr-be\/actualites\/echelle-des-decibels-comment-mesurer-le-bruit#primaryimage"},"thumbnailUrl":"https:\/\/www.laboratoires-unisson.com\/wp-content\/uploads\/2024\/09\/mesure-du-bruit.jpg","articleSection":["Non classifi\u00e9(e)"],"inLanguage":"fr-BE"},{"@type":"WebPage","@id":"https:\/\/www.laboratoires-unisson.com\/fr-be\/actualites\/echelle-des-decibels-comment-mesurer-le-bruit","url":"https:\/\/www.laboratoires-unisson.com\/fr-be\/actualites\/echelle-des-decibels-comment-mesurer-le-bruit","name":"\u00c9chelle de d\u00e9cibels : comprendre et mesurer le bruit","isPartOf":{"@id":"https:\/\/www.laboratoires-unisson.com\/fr-be#website"},"primaryImageOfPage":{"@id":"https:\/\/www.laboratoires-unisson.com\/fr-be\/actualites\/echelle-des-decibels-comment-mesurer-le-bruit#primaryimage"},"image":{"@id":"https:\/\/www.laboratoires-unisson.com\/fr-be\/actualites\/echelle-des-decibels-comment-mesurer-le-bruit#primaryimage"},"thumbnailUrl":"https:\/\/www.laboratoires-unisson.com\/wp-content\/uploads\/2024\/09\/mesure-du-bruit.jpg","datePublished":"2024-09-13T12:16:30+00:00","dateModified":"2025-06-23T09:20:32+00:00","description":"D\u00e9couvrez l'\u00e9chelle des d\u00e9cibels, son fonctionnement et son importance pour votre sant\u00e9 auditive. Nos conseils pour prot\u00e9ger votre audition.","inLanguage":"fr-BE","potentialAction":[{"@type":"ReadAction","target":["https:\/\/www.laboratoires-unisson.com\/fr-be\/actualites\/echelle-des-decibels-comment-mesurer-le-bruit"]}]},{"@type":"ImageObject","inLanguage":"fr-BE","@id":"https:\/\/www.laboratoires-unisson.com\/fr-be\/actualites\/echelle-des-decibels-comment-mesurer-le-bruit#primaryimage","url":"https:\/\/www.laboratoires-unisson.com\/wp-content\/uploads\/2024\/09\/mesure-du-bruit.jpg","contentUrl":"https:\/\/www.laboratoires-unisson.com\/wp-content\/uploads\/2024\/09\/mesure-du-bruit.jpg","width":800,"height":533,"caption":"mesure du bruit"},{"@type":"WebSite","@id":"https:\/\/www.laboratoires-unisson.com\/fr-be#website","url":"https:\/\/www.laboratoires-unisson.com\/fr-be","name":"Laboratoires Unisson","description":"Appareil auditif et proth\u00e8se auditive Moins Cher jusqu&#039;\u00e0 -40%","publisher":{"@id":"https:\/\/www.laboratoires-unisson.com\/fr-be#organization"},"potentialAction":[{"@type":"SearchAction","target":{"@type":"EntryPoint","urlTemplate":"https:\/\/www.laboratoires-unisson.com\/fr-be?s={search_term_string}"},"query-input":{"@type":"PropertyValueSpecification","valueRequired":true,"valueName":"search_term_string"}}],"inLanguage":"fr-BE"},{"@type":"Organization","@id":"https:\/\/www.laboratoires-unisson.com\/fr-be#organization","name":"Laboratoires Unisson","url":"https:\/\/www.laboratoires-unisson.com\/fr-be","logo":{"@type":"ImageObject","inLanguage":"fr-BE","@id":"https:\/\/www.laboratoires-unisson.com\/fr-be#\/schema\/logo\/image\/","url":"https:\/\/www.laboratoires-unisson.com\/wp-content\/uploads\/2022\/01\/logo-unisson.svg","contentUrl":"https:\/\/www.laboratoires-unisson.com\/wp-content\/uploads\/2022\/01\/logo-unisson.svg","width":1,"height":1,"caption":"Laboratoires Unisson"},"image":{"@id":"https:\/\/www.laboratoires-unisson.com\/fr-be#\/schema\/logo\/image\/"}},{"@type":"Person","@id":"https:\/\/www.laboratoires-unisson.com\/fr-be#\/schema\/person\/51b65e6e2826cc55d237c62a84c2cbdc","name":"Amandine","sameAs":["https:\/\/www.linkedin.com\/in\/amandine-picouleau\/?original_referer=httpswwwgooglecom&originalSubdomain=fr"]}]}},"_links":{"self":[{"href":"https:\/\/www.laboratoires-unisson.com\/fr-be\/wp-json\/wp\/v2\/posts\/24746","targetHints":{"allow":["GET"]}}],"collection":[{"href":"https:\/\/www.laboratoires-unisson.com\/fr-be\/wp-json\/wp\/v2\/posts"}],"about":[{"href":"https:\/\/www.laboratoires-unisson.com\/fr-be\/wp-json\/wp\/v2\/types\/post"}],"author":[{"embeddable":true,"href":"https:\/\/www.laboratoires-unisson.com\/fr-be\/wp-json\/wp\/v2\/users\/3"}],"replies":[{"embeddable":true,"href":"https:\/\/www.laboratoires-unisson.com\/fr-be\/wp-json\/wp\/v2\/comments?post=24746"}],"version-history":[{"count":3,"href":"https:\/\/www.laboratoires-unisson.com\/fr-be\/wp-json\/wp\/v2\/posts\/24746\/revisions"}],"predecessor-version":[{"id":29466,"href":"https:\/\/www.laboratoires-unisson.com\/fr-be\/wp-json\/wp\/v2\/posts\/24746\/revisions\/29466"}],"wp:featuredmedia":[{"embeddable":true,"href":"https:\/\/www.laboratoires-unisson.com\/fr-be\/wp-json\/wp\/v2\/media\/22081"}],"wp:attachment":[{"href":"https:\/\/www.laboratoires-unisson.com\/fr-be\/wp-json\/wp\/v2\/media?parent=24746"}],"wp:term":[{"taxonomy":"category","embeddable":true,"href":"https:\/\/www.laboratoires-unisson.com\/fr-be\/wp-json\/wp\/v2\/categories?post=24746"},{"taxonomy":"post_tag","embeddable":true,"href":"https:\/\/www.laboratoires-unisson.com\/fr-be\/wp-json\/wp\/v2\/tags?post=24746"}],"curies":[{"name":"wp","href":"https:\/\/api.w.org\/{rel}","templated":true}]}}