{"id":24786,"date":"2021-06-24T15:41:40","date_gmt":"2021-06-24T13:41:40","guid":{"rendered":"https:\/\/www.laboratoires-unisson.com\/actualites\/prothese-auditive-pourquoi-et-comment-sappareiller"},"modified":"2026-03-06T16:23:25","modified_gmt":"2026-03-06T15:23:25","slug":"prothese-auditive-pourquoi-et-comment-sappareiller","status":"publish","type":"post","link":"https:\/\/www.laboratoires-unisson.com\/fr-be\/actualites\/prothese-auditive-pourquoi-et-comment-sappareiller","title":{"rendered":"Proth\u00e8se auditive : pourquoi et comment s\u2019appareiller"},"content":{"rendered":"","protected":false},"excerpt":{"rendered":"<p>Vous vous posez des questions sur l\u2019int\u00e9r\u00eat de vous \u00e9quiper d\u2019une proth\u00e8se auditive ? Chez Unisson, nous r\u00e9pondons aux questions que se posent le plus les personnes souffrant de troubles de l\u2019audition. Voici donc des informations utiles et concr\u00e8tes qui vous permettront :<\/p>\n<p>de mieux comprendre ce qu\u2019est une proth\u00e8se auditive,<br \/>\nde saisir dans quel cas il peut \u00eatre int\u00e9ressant de s\u2019appareiller,<br \/>\nde comprendre les diff\u00e9rents types de proth\u00e8se auditive existants,<br \/>\nd\u2019avoir en t\u00eate les possibilit\u00e9s de remboursement de votre proth\u00e8se auditive.<\/p>\n","protected":false},"author":7,"featured_media":19030,"comment_status":"closed","ping_status":"closed","sticky":false,"template":"","format":"standard","meta":{"_acf_changed":false,"footnotes":""},"categories":[1],"tags":[],"class_list":["post-24786","post","type-post","status-publish","format-standard","has-post-thumbnail","hentry","category-non-classifiee"],"acf":[],"yoast_head":"<!-- This site is optimized with the Yoast SEO plugin v27.1.1 - https:\/\/yoast.com\/product\/yoast-seo-wordpress\/ -->\n<title>Proth\u00e8se auditive : pourquoi et comment s&#039;appareiller ? | Unisson<\/title>\n<meta name=\"description\" content=\"Pourquoi et comment s\u2019appareiller en proth\u00e8se auditive ? Profitez de diff\u00e9rents types d\u2019appareils auditifs et des possibilit\u00e9s de remboursement de sant\u00e9\" \/>\n<meta name=\"robots\" content=\"index, follow, max-snippet:-1, max-image-preview:large, max-video-preview:-1\" \/>\n<link rel=\"canonical\" href=\"https:\/\/www.laboratoires-unisson.com\/fr-be\/wp-json\/wp\/v2\/posts\/24786\" \/>\n<meta property=\"og:locale\" content=\"fr_FR\" \/>\n<meta property=\"og:type\" content=\"article\" \/>\n<meta property=\"og:title\" content=\"Proth\u00e8se auditive : pourquoi et comment s&#039;appareiller ? | Unisson\" \/>\n<meta property=\"og:description\" content=\"Pourquoi et comment s\u2019appareiller en proth\u00e8se auditive ? Profitez de diff\u00e9rents types d\u2019appareils auditifs et des possibilit\u00e9s de remboursement de sant\u00e9\" \/>\n<meta property=\"og:url\" content=\"https:\/\/www.laboratoires-unisson.com\/fr-be\/actualites\/prothese-auditive-pourquoi-et-comment-sappareiller\" \/>\n<meta property=\"og:site_name\" content=\"Laboratoires Unisson\" \/>\n<meta property=\"article:published_time\" content=\"2021-06-24T13:41:40+00:00\" \/>\n<meta property=\"article:modified_time\" content=\"2026-03-06T15:23:25+00:00\" \/>\n<meta property=\"og:image\" content=\"https:\/\/www.laboratoires-unisson.com\/wp-content\/uploads\/2022\/03\/appareillage-auditif.jpg\" \/>\n\t<meta property=\"og:image:width\" content=\"1096\" \/>\n\t<meta property=\"og:image:height\" content=\"730\" \/>\n\t<meta property=\"og:image:type\" content=\"image\/jpeg\" \/>\n<meta name=\"author\" content=\"Alice\" \/>\n<meta name=\"twitter:card\" content=\"summary_large_image\" \/>\n<meta name=\"twitter:label1\" content=\"Written by\" \/>\n\t<meta name=\"twitter:data1\" content=\"Alice\" \/>\n\t<meta name=\"twitter:label2\" content=\"Est. reading time\" \/>\n\t<meta name=\"twitter:data2\" content=\"1 minute\" \/>\n<script type=\"application\/ld+json\" class=\"yoast-schema-graph\">{\"@context\":\"https:\/\/schema.org\",\"@graph\":[{\"@type\":\"Article\",\"@id\":\"https:\/\/www.laboratoires-unisson.com\/fr-be\/actualites\/prothese-auditive-pourquoi-et-comment-sappareiller#article\",\"isPartOf\":{\"@id\":\"https:\/\/www.laboratoires-unisson.com\/fr-be\/actualites\/prothese-auditive-pourquoi-et-comment-sappareiller\"},\"author\":{\"name\":\"Alice\",\"@id\":\"https:\/\/www.laboratoires-unisson.com\/fr-be#\/schema\/person\/d0ad692199eb4468d68732aa5e303fcd\"},\"headline\":\"Proth\u00e8se auditive : pourquoi et comment s\u2019appareiller\",\"datePublished\":\"2021-06-24T13:41:40+00:00\",\"dateModified\":\"2026-03-06T15:23:25+00:00\",\"mainEntityOfPage\":{\"@id\":\"https:\/\/www.laboratoires-unisson.com\/fr-be\/actualites\/prothese-auditive-pourquoi-et-comment-sappareiller\"},\"wordCount\":8,\"publisher\":{\"@id\":\"https:\/\/www.laboratoires-unisson.com\/fr-be#organization\"},\"image\":{\"@id\":\"https:\/\/www.laboratoires-unisson.com\/fr-be\/actualites\/prothese-auditive-pourquoi-et-comment-sappareiller#primaryimage\"},\"thumbnailUrl\":\"https:\/\/www.laboratoires-unisson.com\/wp-content\/uploads\/2022\/03\/appareillage-auditif.jpg\",\"articleSection\":[\"Non classifi\u00e9(e)\"],\"inLanguage\":\"fr-BE\"},{\"@type\":\"WebPage\",\"@id\":\"https:\/\/www.laboratoires-unisson.com\/fr-be\/actualites\/prothese-auditive-pourquoi-et-comment-sappareiller\",\"url\":\"https:\/\/www.laboratoires-unisson.com\/fr-be\/actualites\/prothese-auditive-pourquoi-et-comment-sappareiller\",\"name\":\"Proth\u00e8se auditive : pourquoi et comment s'appareiller ? | Unisson\",\"isPartOf\":{\"@id\":\"https:\/\/www.laboratoires-unisson.com\/fr-be#website\"},\"primaryImageOfPage\":{\"@id\":\"https:\/\/www.laboratoires-unisson.com\/fr-be\/actualites\/prothese-auditive-pourquoi-et-comment-sappareiller#primaryimage\"},\"image\":{\"@id\":\"https:\/\/www.laboratoires-unisson.com\/fr-be\/actualites\/prothese-auditive-pourquoi-et-comment-sappareiller#primaryimage\"},\"thumbnailUrl\":\"https:\/\/www.laboratoires-unisson.com\/wp-content\/uploads\/2022\/03\/appareillage-auditif.jpg\",\"datePublished\":\"2021-06-24T13:41:40+00:00\",\"dateModified\":\"2026-03-06T15:23:25+00:00\",\"description\":\"Pourquoi et comment s\u2019appareiller en proth\u00e8se auditive ? Profitez de diff\u00e9rents types d\u2019appareils auditifs et des possibilit\u00e9s de remboursement de sant\u00e9\",\"inLanguage\":\"fr-BE\",\"potentialAction\":[{\"@type\":\"ReadAction\",\"target\":[\"https:\/\/www.laboratoires-unisson.com\/fr-be\/actualites\/prothese-auditive-pourquoi-et-comment-sappareiller\"]}]},{\"@type\":\"ImageObject\",\"inLanguage\":\"fr-BE\",\"@id\":\"https:\/\/www.laboratoires-unisson.com\/fr-be\/actualites\/prothese-auditive-pourquoi-et-comment-sappareiller#primaryimage\",\"url\":\"https:\/\/www.laboratoires-unisson.com\/wp-content\/uploads\/2022\/03\/appareillage-auditif.jpg\",\"contentUrl\":\"https:\/\/www.laboratoires-unisson.com\/wp-content\/uploads\/2022\/03\/appareillage-auditif.jpg\",\"width\":1096,\"height\":730},{\"@type\":\"WebSite\",\"@id\":\"https:\/\/www.laboratoires-unisson.com\/fr-be#website\",\"url\":\"https:\/\/www.laboratoires-unisson.com\/fr-be\",\"name\":\"Laboratoires Unisson\",\"description\":\"Appareil auditif et proth\u00e8se auditive Moins Cher jusqu&#039;\u00e0 -40%\",\"publisher\":{\"@id\":\"https:\/\/www.laboratoires-unisson.com\/fr-be#organization\"},\"potentialAction\":[{\"@type\":\"SearchAction\",\"target\":{\"@type\":\"EntryPoint\",\"urlTemplate\":\"https:\/\/www.laboratoires-unisson.com\/fr-be?s={search_term_string}\"},\"query-input\":{\"@type\":\"PropertyValueSpecification\",\"valueRequired\":true,\"valueName\":\"search_term_string\"}}],\"inLanguage\":\"fr-BE\"},{\"@type\":\"Organization\",\"@id\":\"https:\/\/www.laboratoires-unisson.com\/fr-be#organization\",\"name\":\"Laboratoires Unisson\",\"url\":\"https:\/\/www.laboratoires-unisson.com\/fr-be\",\"logo\":{\"@type\":\"ImageObject\",\"inLanguage\":\"fr-BE\",\"@id\":\"https:\/\/www.laboratoires-unisson.com\/fr-be#\/schema\/logo\/image\/\",\"url\":\"https:\/\/www.laboratoires-unisson.com\/wp-content\/uploads\/2022\/01\/logo-unisson.svg\",\"contentUrl\":\"https:\/\/www.laboratoires-unisson.com\/wp-content\/uploads\/2022\/01\/logo-unisson.svg\",\"width\":1,\"height\":1,\"caption\":\"Laboratoires Unisson\"},\"image\":{\"@id\":\"https:\/\/www.laboratoires-unisson.com\/fr-be#\/schema\/logo\/image\/\"}},{\"@type\":\"Person\",\"@id\":\"https:\/\/www.laboratoires-unisson.com\/fr-be#\/schema\/person\/d0ad692199eb4468d68732aa5e303fcd\",\"name\":\"Alice\"}]}<\/script>\n<!-- \/ Yoast SEO plugin. -->","yoast_head_json":{"title":"Proth\u00e8se auditive : pourquoi et comment s'appareiller ? | Unisson","description":"Pourquoi et comment s\u2019appareiller en proth\u00e8se auditive ? Profitez de diff\u00e9rents types d\u2019appareils auditifs et des possibilit\u00e9s de remboursement de sant\u00e9","robots":{"index":"index","follow":"follow","max-snippet":"max-snippet:-1","max-image-preview":"max-image-preview:large","max-video-preview":"max-video-preview:-1"},"canonical":"https:\/\/www.laboratoires-unisson.com\/fr-be\/wp-json\/wp\/v2\/posts\/24786","og_locale":"fr_FR","og_type":"article","og_title":"Proth\u00e8se auditive : pourquoi et comment s'appareiller ? | Unisson","og_description":"Pourquoi et comment s\u2019appareiller en proth\u00e8se auditive ? Profitez de diff\u00e9rents types d\u2019appareils auditifs et des possibilit\u00e9s de remboursement de sant\u00e9","og_url":"https:\/\/www.laboratoires-unisson.com\/fr-be\/actualites\/prothese-auditive-pourquoi-et-comment-sappareiller","og_site_name":"Laboratoires Unisson","article_published_time":"2021-06-24T13:41:40+00:00","article_modified_time":"2026-03-06T15:23:25+00:00","og_image":[{"width":1096,"height":730,"url":"https:\/\/www.laboratoires-unisson.com\/wp-content\/uploads\/2022\/03\/appareillage-auditif.jpg","type":"image\/jpeg"}],"author":"Alice","twitter_card":"summary_large_image","twitter_misc":{"Written by":"Alice","Est. reading time":"1 minute"},"schema":{"@context":"https:\/\/schema.org","@graph":[{"@type":"Article","@id":"https:\/\/www.laboratoires-unisson.com\/fr-be\/actualites\/prothese-auditive-pourquoi-et-comment-sappareiller#article","isPartOf":{"@id":"https:\/\/www.laboratoires-unisson.com\/fr-be\/actualites\/prothese-auditive-pourquoi-et-comment-sappareiller"},"author":{"name":"Alice","@id":"https:\/\/www.laboratoires-unisson.com\/fr-be#\/schema\/person\/d0ad692199eb4468d68732aa5e303fcd"},"headline":"Proth\u00e8se auditive : pourquoi et comment s\u2019appareiller","datePublished":"2021-06-24T13:41:40+00:00","dateModified":"2026-03-06T15:23:25+00:00","mainEntityOfPage":{"@id":"https:\/\/www.laboratoires-unisson.com\/fr-be\/actualites\/prothese-auditive-pourquoi-et-comment-sappareiller"},"wordCount":8,"publisher":{"@id":"https:\/\/www.laboratoires-unisson.com\/fr-be#organization"},"image":{"@id":"https:\/\/www.laboratoires-unisson.com\/fr-be\/actualites\/prothese-auditive-pourquoi-et-comment-sappareiller#primaryimage"},"thumbnailUrl":"https:\/\/www.laboratoires-unisson.com\/wp-content\/uploads\/2022\/03\/appareillage-auditif.jpg","articleSection":["Non classifi\u00e9(e)"],"inLanguage":"fr-BE"},{"@type":"WebPage","@id":"https:\/\/www.laboratoires-unisson.com\/fr-be\/actualites\/prothese-auditive-pourquoi-et-comment-sappareiller","url":"https:\/\/www.laboratoires-unisson.com\/fr-be\/actualites\/prothese-auditive-pourquoi-et-comment-sappareiller","name":"Proth\u00e8se auditive : pourquoi et comment s'appareiller ? | Unisson","isPartOf":{"@id":"https:\/\/www.laboratoires-unisson.com\/fr-be#website"},"primaryImageOfPage":{"@id":"https:\/\/www.laboratoires-unisson.com\/fr-be\/actualites\/prothese-auditive-pourquoi-et-comment-sappareiller#primaryimage"},"image":{"@id":"https:\/\/www.laboratoires-unisson.com\/fr-be\/actualites\/prothese-auditive-pourquoi-et-comment-sappareiller#primaryimage"},"thumbnailUrl":"https:\/\/www.laboratoires-unisson.com\/wp-content\/uploads\/2022\/03\/appareillage-auditif.jpg","datePublished":"2021-06-24T13:41:40+00:00","dateModified":"2026-03-06T15:23:25+00:00","description":"Pourquoi et comment s\u2019appareiller en proth\u00e8se auditive ? Profitez de diff\u00e9rents types d\u2019appareils auditifs et des possibilit\u00e9s de remboursement de sant\u00e9","inLanguage":"fr-BE","potentialAction":[{"@type":"ReadAction","target":["https:\/\/www.laboratoires-unisson.com\/fr-be\/actualites\/prothese-auditive-pourquoi-et-comment-sappareiller"]}]},{"@type":"ImageObject","inLanguage":"fr-BE","@id":"https:\/\/www.laboratoires-unisson.com\/fr-be\/actualites\/prothese-auditive-pourquoi-et-comment-sappareiller#primaryimage","url":"https:\/\/www.laboratoires-unisson.com\/wp-content\/uploads\/2022\/03\/appareillage-auditif.jpg","contentUrl":"https:\/\/www.laboratoires-unisson.com\/wp-content\/uploads\/2022\/03\/appareillage-auditif.jpg","width":1096,"height":730},{"@type":"WebSite","@id":"https:\/\/www.laboratoires-unisson.com\/fr-be#website","url":"https:\/\/www.laboratoires-unisson.com\/fr-be","name":"Laboratoires Unisson","description":"Appareil auditif et proth\u00e8se auditive Moins Cher jusqu&#039;\u00e0 -40%","publisher":{"@id":"https:\/\/www.laboratoires-unisson.com\/fr-be#organization"},"potentialAction":[{"@type":"SearchAction","target":{"@type":"EntryPoint","urlTemplate":"https:\/\/www.laboratoires-unisson.com\/fr-be?s={search_term_string}"},"query-input":{"@type":"PropertyValueSpecification","valueRequired":true,"valueName":"search_term_string"}}],"inLanguage":"fr-BE"},{"@type":"Organization","@id":"https:\/\/www.laboratoires-unisson.com\/fr-be#organization","name":"Laboratoires Unisson","url":"https:\/\/www.laboratoires-unisson.com\/fr-be","logo":{"@type":"ImageObject","inLanguage":"fr-BE","@id":"https:\/\/www.laboratoires-unisson.com\/fr-be#\/schema\/logo\/image\/","url":"https:\/\/www.laboratoires-unisson.com\/wp-content\/uploads\/2022\/01\/logo-unisson.svg","contentUrl":"https:\/\/www.laboratoires-unisson.com\/wp-content\/uploads\/2022\/01\/logo-unisson.svg","width":1,"height":1,"caption":"Laboratoires Unisson"},"image":{"@id":"https:\/\/www.laboratoires-unisson.com\/fr-be#\/schema\/logo\/image\/"}},{"@type":"Person","@id":"https:\/\/www.laboratoires-unisson.com\/fr-be#\/schema\/person\/d0ad692199eb4468d68732aa5e303fcd","name":"Alice"}]}},"_links":{"self":[{"href":"https:\/\/www.laboratoires-unisson.com\/fr-be\/wp-json\/wp\/v2\/posts\/24786","targetHints":{"allow":["GET"]}}],"collection":[{"href":"https:\/\/www.laboratoires-unisson.com\/fr-be\/wp-json\/wp\/v2\/posts"}],"about":[{"href":"https:\/\/www.laboratoires-unisson.com\/fr-be\/wp-json\/wp\/v2\/types\/post"}],"author":[{"embeddable":true,"href":"https:\/\/www.laboratoires-unisson.com\/fr-be\/wp-json\/wp\/v2\/users\/7"}],"replies":[{"embeddable":true,"href":"https:\/\/www.laboratoires-unisson.com\/fr-be\/wp-json\/wp\/v2\/comments?post=24786"}],"version-history":[{"count":2,"href":"https:\/\/www.laboratoires-unisson.com\/fr-be\/wp-json\/wp\/v2\/posts\/24786\/revisions"}],"predecessor-version":[{"id":32684,"href":"https:\/\/www.laboratoires-unisson.com\/fr-be\/wp-json\/wp\/v2\/posts\/24786\/revisions\/32684"}],"wp:featuredmedia":[{"embeddable":true,"href":"https:\/\/www.laboratoires-unisson.com\/fr-be\/wp-json\/wp\/v2\/media\/19030"}],"wp:attachment":[{"href":"https:\/\/www.laboratoires-unisson.com\/fr-be\/wp-json\/wp\/v2\/media?parent=24786"}],"wp:term":[{"taxonomy":"category","embeddable":true,"href":"https:\/\/www.laboratoires-unisson.com\/fr-be\/wp-json\/wp\/v2\/categories?post=24786"},{"taxonomy":"post_tag","embeddable":true,"href":"https:\/\/www.laboratoires-unisson.com\/fr-be\/wp-json\/wp\/v2\/tags?post=24786"}],"curies":[{"name":"wp","href":"https:\/\/api.w.org\/{rel}","templated":true}]}}