{"id":24794,"date":"2019-04-22T16:47:22","date_gmt":"2019-04-22T14:47:22","guid":{"rendered":"https:\/\/www.laboratoires-unisson.com\/actualites\/siemens-audiologie-devient-signa-solutions-auditives-siemens"},"modified":"2025-06-27T09:52:50","modified_gmt":"2025-06-27T07:52:50","slug":"siemens-audiologie-devient-signa-solutions-auditives-siemens","status":"publish","type":"post","link":"https:\/\/www.laboratoires-unisson.com\/fr-be\/actualites\/siemens-audiologie-devient-signa-solutions-auditives-siemens","title":{"rendered":"Siemens Audiologie devient Signa Solutions Auditives Siemens"},"content":{"rendered":"","protected":false},"excerpt":{"rendered":"<p>C\u2019est en\u00a02017 que la marque Siemens Audiologie est devenu Signa Solutions Auditives Siemens. Ce changement de marque intervient suite au rachat de la branche audiologie de SIEMENS,\u00a0en charge de la conception et de la fabrication des\u00a0proth\u00e8ses auditives, par le groupe allemand SIVANTOS.<\/p>\n","protected":false},"author":3,"featured_media":19040,"comment_status":"closed","ping_status":"closed","sticky":false,"template":"","format":"standard","meta":{"_acf_changed":false,"footnotes":""},"categories":[1],"tags":[],"class_list":["post-24794","post","type-post","status-publish","format-standard","has-post-thumbnail","hentry","category-non-classifiee"],"acf":[],"yoast_head":"<!-- This site is optimized with the Yoast SEO plugin v27.1.1 - https:\/\/yoast.com\/product\/yoast-seo-wordpress\/ -->\n<title>Siemens Audiologie devient Signa Solutions Auditives Siemens<\/title>\n<meta name=\"description\" content=\"D\u00e9couvrez la transition de Siemens Audiologie \u00e0 Signia chez Unisson. Profitez des innovations technologiques et des solutions auditives avanc\u00e9es.\" \/>\n<meta name=\"robots\" content=\"index, follow, max-snippet:-1, max-image-preview:large, max-video-preview:-1\" \/>\n<link rel=\"canonical\" href=\"https:\/\/www.laboratoires-unisson.com\/fr-be\/wp-json\/wp\/v2\/posts\/24794\" \/>\n<meta property=\"og:locale\" content=\"fr_FR\" \/>\n<meta property=\"og:type\" content=\"article\" \/>\n<meta property=\"og:title\" content=\"Siemens Audiologie devient Signa Solutions Auditives Siemens\" \/>\n<meta property=\"og:description\" content=\"D\u00e9couvrez la transition de Siemens Audiologie \u00e0 Signia chez Unisson. Profitez des innovations technologiques et des solutions auditives avanc\u00e9es.\" \/>\n<meta property=\"og:url\" content=\"https:\/\/www.laboratoires-unisson.com\/fr-be\/actualites\/siemens-audiologie-devient-signa-solutions-auditives-siemens\" \/>\n<meta property=\"og:site_name\" content=\"Laboratoires Unisson\" \/>\n<meta property=\"article:published_time\" content=\"2019-04-22T14:47:22+00:00\" \/>\n<meta property=\"article:modified_time\" content=\"2025-06-27T07:52:50+00:00\" \/>\n<meta property=\"og:image\" content=\"https:\/\/www.laboratoires-unisson.com\/wp-content\/uploads\/2022\/03\/appareil-auditif-siemens-signia.jpg\" \/>\n\t<meta property=\"og:image:width\" content=\"750\" \/>\n\t<meta property=\"og:image:height\" content=\"472\" \/>\n\t<meta property=\"og:image:type\" content=\"image\/jpeg\" \/>\n<meta name=\"author\" content=\"Amandine\" \/>\n<meta name=\"twitter:card\" content=\"summary_large_image\" \/>\n<meta name=\"twitter:label1\" content=\"Written by\" \/>\n\t<meta name=\"twitter:data1\" content=\"Amandine\" \/>\n\t<meta name=\"twitter:label2\" content=\"Est. reading time\" \/>\n\t<meta name=\"twitter:data2\" content=\"1 minute\" \/>\n<script type=\"application\/ld+json\" class=\"yoast-schema-graph\">{\"@context\":\"https:\/\/schema.org\",\"@graph\":[{\"@type\":\"Article\",\"@id\":\"https:\/\/www.laboratoires-unisson.com\/fr-be\/actualites\/siemens-audiologie-devient-signa-solutions-auditives-siemens#article\",\"isPartOf\":{\"@id\":\"https:\/\/www.laboratoires-unisson.com\/fr-be\/actualites\/siemens-audiologie-devient-signa-solutions-auditives-siemens\"},\"author\":{\"name\":\"Amandine\",\"@id\":\"https:\/\/www.laboratoires-unisson.com\/fr-be#\/schema\/person\/51b65e6e2826cc55d237c62a84c2cbdc\"},\"headline\":\"Siemens Audiologie devient Signa Solutions Auditives Siemens\",\"datePublished\":\"2019-04-22T14:47:22+00:00\",\"dateModified\":\"2025-06-27T07:52:50+00:00\",\"mainEntityOfPage\":{\"@id\":\"https:\/\/www.laboratoires-unisson.com\/fr-be\/actualites\/siemens-audiologie-devient-signa-solutions-auditives-siemens\"},\"wordCount\":7,\"publisher\":{\"@id\":\"https:\/\/www.laboratoires-unisson.com\/fr-be#organization\"},\"image\":{\"@id\":\"https:\/\/www.laboratoires-unisson.com\/fr-be\/actualites\/siemens-audiologie-devient-signa-solutions-auditives-siemens#primaryimage\"},\"thumbnailUrl\":\"https:\/\/www.laboratoires-unisson.com\/wp-content\/uploads\/2022\/03\/appareil-auditif-siemens-signia.jpg\",\"articleSection\":[\"Non classifi\u00e9(e)\"],\"inLanguage\":\"fr-BE\"},{\"@type\":\"WebPage\",\"@id\":\"https:\/\/www.laboratoires-unisson.com\/fr-be\/actualites\/siemens-audiologie-devient-signa-solutions-auditives-siemens\",\"url\":\"https:\/\/www.laboratoires-unisson.com\/fr-be\/actualites\/siemens-audiologie-devient-signa-solutions-auditives-siemens\",\"name\":\"Siemens Audiologie devient Signa Solutions Auditives Siemens\",\"isPartOf\":{\"@id\":\"https:\/\/www.laboratoires-unisson.com\/fr-be#website\"},\"primaryImageOfPage\":{\"@id\":\"https:\/\/www.laboratoires-unisson.com\/fr-be\/actualites\/siemens-audiologie-devient-signa-solutions-auditives-siemens#primaryimage\"},\"image\":{\"@id\":\"https:\/\/www.laboratoires-unisson.com\/fr-be\/actualites\/siemens-audiologie-devient-signa-solutions-auditives-siemens#primaryimage\"},\"thumbnailUrl\":\"https:\/\/www.laboratoires-unisson.com\/wp-content\/uploads\/2022\/03\/appareil-auditif-siemens-signia.jpg\",\"datePublished\":\"2019-04-22T14:47:22+00:00\",\"dateModified\":\"2025-06-27T07:52:50+00:00\",\"description\":\"D\u00e9couvrez la transition de Siemens Audiologie \u00e0 Signia chez Unisson. Profitez des innovations technologiques et des solutions auditives avanc\u00e9es.\",\"inLanguage\":\"fr-BE\",\"potentialAction\":[{\"@type\":\"ReadAction\",\"target\":[\"https:\/\/www.laboratoires-unisson.com\/fr-be\/actualites\/siemens-audiologie-devient-signa-solutions-auditives-siemens\"]}]},{\"@type\":\"ImageObject\",\"inLanguage\":\"fr-BE\",\"@id\":\"https:\/\/www.laboratoires-unisson.com\/fr-be\/actualites\/siemens-audiologie-devient-signa-solutions-auditives-siemens#primaryimage\",\"url\":\"https:\/\/www.laboratoires-unisson.com\/wp-content\/uploads\/2022\/03\/appareil-auditif-siemens-signia.jpg\",\"contentUrl\":\"https:\/\/www.laboratoires-unisson.com\/wp-content\/uploads\/2022\/03\/appareil-auditif-siemens-signia.jpg\",\"width\":750,\"height\":472},{\"@type\":\"WebSite\",\"@id\":\"https:\/\/www.laboratoires-unisson.com\/fr-be#website\",\"url\":\"https:\/\/www.laboratoires-unisson.com\/fr-be\",\"name\":\"Laboratoires Unisson\",\"description\":\"Appareil auditif et proth\u00e8se auditive Moins Cher jusqu&#039;\u00e0 -40%\",\"publisher\":{\"@id\":\"https:\/\/www.laboratoires-unisson.com\/fr-be#organization\"},\"potentialAction\":[{\"@type\":\"SearchAction\",\"target\":{\"@type\":\"EntryPoint\",\"urlTemplate\":\"https:\/\/www.laboratoires-unisson.com\/fr-be?s={search_term_string}\"},\"query-input\":{\"@type\":\"PropertyValueSpecification\",\"valueRequired\":true,\"valueName\":\"search_term_string\"}}],\"inLanguage\":\"fr-BE\"},{\"@type\":\"Organization\",\"@id\":\"https:\/\/www.laboratoires-unisson.com\/fr-be#organization\",\"name\":\"Laboratoires Unisson\",\"url\":\"https:\/\/www.laboratoires-unisson.com\/fr-be\",\"logo\":{\"@type\":\"ImageObject\",\"inLanguage\":\"fr-BE\",\"@id\":\"https:\/\/www.laboratoires-unisson.com\/fr-be#\/schema\/logo\/image\/\",\"url\":\"https:\/\/www.laboratoires-unisson.com\/wp-content\/uploads\/2022\/01\/logo-unisson.svg\",\"contentUrl\":\"https:\/\/www.laboratoires-unisson.com\/wp-content\/uploads\/2022\/01\/logo-unisson.svg\",\"width\":1,\"height\":1,\"caption\":\"Laboratoires Unisson\"},\"image\":{\"@id\":\"https:\/\/www.laboratoires-unisson.com\/fr-be#\/schema\/logo\/image\/\"}},{\"@type\":\"Person\",\"@id\":\"https:\/\/www.laboratoires-unisson.com\/fr-be#\/schema\/person\/51b65e6e2826cc55d237c62a84c2cbdc\",\"name\":\"Amandine\",\"sameAs\":[\"https:\/\/www.linkedin.com\/in\/amandine-picouleau\/?original_referer=httpswwwgooglecom&originalSubdomain=fr\"]}]}<\/script>\n<!-- \/ Yoast SEO plugin. -->","yoast_head_json":{"title":"Siemens Audiologie devient Signa Solutions Auditives Siemens","description":"D\u00e9couvrez la transition de Siemens Audiologie \u00e0 Signia chez Unisson. Profitez des innovations technologiques et des solutions auditives avanc\u00e9es.","robots":{"index":"index","follow":"follow","max-snippet":"max-snippet:-1","max-image-preview":"max-image-preview:large","max-video-preview":"max-video-preview:-1"},"canonical":"https:\/\/www.laboratoires-unisson.com\/fr-be\/wp-json\/wp\/v2\/posts\/24794","og_locale":"fr_FR","og_type":"article","og_title":"Siemens Audiologie devient Signa Solutions Auditives Siemens","og_description":"D\u00e9couvrez la transition de Siemens Audiologie \u00e0 Signia chez Unisson. Profitez des innovations technologiques et des solutions auditives avanc\u00e9es.","og_url":"https:\/\/www.laboratoires-unisson.com\/fr-be\/actualites\/siemens-audiologie-devient-signa-solutions-auditives-siemens","og_site_name":"Laboratoires Unisson","article_published_time":"2019-04-22T14:47:22+00:00","article_modified_time":"2025-06-27T07:52:50+00:00","og_image":[{"width":750,"height":472,"url":"https:\/\/www.laboratoires-unisson.com\/wp-content\/uploads\/2022\/03\/appareil-auditif-siemens-signia.jpg","type":"image\/jpeg"}],"author":"Amandine","twitter_card":"summary_large_image","twitter_misc":{"Written by":"Amandine","Est. reading time":"1 minute"},"schema":{"@context":"https:\/\/schema.org","@graph":[{"@type":"Article","@id":"https:\/\/www.laboratoires-unisson.com\/fr-be\/actualites\/siemens-audiologie-devient-signa-solutions-auditives-siemens#article","isPartOf":{"@id":"https:\/\/www.laboratoires-unisson.com\/fr-be\/actualites\/siemens-audiologie-devient-signa-solutions-auditives-siemens"},"author":{"name":"Amandine","@id":"https:\/\/www.laboratoires-unisson.com\/fr-be#\/schema\/person\/51b65e6e2826cc55d237c62a84c2cbdc"},"headline":"Siemens Audiologie devient Signa Solutions Auditives Siemens","datePublished":"2019-04-22T14:47:22+00:00","dateModified":"2025-06-27T07:52:50+00:00","mainEntityOfPage":{"@id":"https:\/\/www.laboratoires-unisson.com\/fr-be\/actualites\/siemens-audiologie-devient-signa-solutions-auditives-siemens"},"wordCount":7,"publisher":{"@id":"https:\/\/www.laboratoires-unisson.com\/fr-be#organization"},"image":{"@id":"https:\/\/www.laboratoires-unisson.com\/fr-be\/actualites\/siemens-audiologie-devient-signa-solutions-auditives-siemens#primaryimage"},"thumbnailUrl":"https:\/\/www.laboratoires-unisson.com\/wp-content\/uploads\/2022\/03\/appareil-auditif-siemens-signia.jpg","articleSection":["Non classifi\u00e9(e)"],"inLanguage":"fr-BE"},{"@type":"WebPage","@id":"https:\/\/www.laboratoires-unisson.com\/fr-be\/actualites\/siemens-audiologie-devient-signa-solutions-auditives-siemens","url":"https:\/\/www.laboratoires-unisson.com\/fr-be\/actualites\/siemens-audiologie-devient-signa-solutions-auditives-siemens","name":"Siemens Audiologie devient Signa Solutions Auditives Siemens","isPartOf":{"@id":"https:\/\/www.laboratoires-unisson.com\/fr-be#website"},"primaryImageOfPage":{"@id":"https:\/\/www.laboratoires-unisson.com\/fr-be\/actualites\/siemens-audiologie-devient-signa-solutions-auditives-siemens#primaryimage"},"image":{"@id":"https:\/\/www.laboratoires-unisson.com\/fr-be\/actualites\/siemens-audiologie-devient-signa-solutions-auditives-siemens#primaryimage"},"thumbnailUrl":"https:\/\/www.laboratoires-unisson.com\/wp-content\/uploads\/2022\/03\/appareil-auditif-siemens-signia.jpg","datePublished":"2019-04-22T14:47:22+00:00","dateModified":"2025-06-27T07:52:50+00:00","description":"D\u00e9couvrez la transition de Siemens Audiologie \u00e0 Signia chez Unisson. Profitez des innovations technologiques et des solutions auditives avanc\u00e9es.","inLanguage":"fr-BE","potentialAction":[{"@type":"ReadAction","target":["https:\/\/www.laboratoires-unisson.com\/fr-be\/actualites\/siemens-audiologie-devient-signa-solutions-auditives-siemens"]}]},{"@type":"ImageObject","inLanguage":"fr-BE","@id":"https:\/\/www.laboratoires-unisson.com\/fr-be\/actualites\/siemens-audiologie-devient-signa-solutions-auditives-siemens#primaryimage","url":"https:\/\/www.laboratoires-unisson.com\/wp-content\/uploads\/2022\/03\/appareil-auditif-siemens-signia.jpg","contentUrl":"https:\/\/www.laboratoires-unisson.com\/wp-content\/uploads\/2022\/03\/appareil-auditif-siemens-signia.jpg","width":750,"height":472},{"@type":"WebSite","@id":"https:\/\/www.laboratoires-unisson.com\/fr-be#website","url":"https:\/\/www.laboratoires-unisson.com\/fr-be","name":"Laboratoires Unisson","description":"Appareil auditif et proth\u00e8se auditive Moins Cher jusqu&#039;\u00e0 -40%","publisher":{"@id":"https:\/\/www.laboratoires-unisson.com\/fr-be#organization"},"potentialAction":[{"@type":"SearchAction","target":{"@type":"EntryPoint","urlTemplate":"https:\/\/www.laboratoires-unisson.com\/fr-be?s={search_term_string}"},"query-input":{"@type":"PropertyValueSpecification","valueRequired":true,"valueName":"search_term_string"}}],"inLanguage":"fr-BE"},{"@type":"Organization","@id":"https:\/\/www.laboratoires-unisson.com\/fr-be#organization","name":"Laboratoires Unisson","url":"https:\/\/www.laboratoires-unisson.com\/fr-be","logo":{"@type":"ImageObject","inLanguage":"fr-BE","@id":"https:\/\/www.laboratoires-unisson.com\/fr-be#\/schema\/logo\/image\/","url":"https:\/\/www.laboratoires-unisson.com\/wp-content\/uploads\/2022\/01\/logo-unisson.svg","contentUrl":"https:\/\/www.laboratoires-unisson.com\/wp-content\/uploads\/2022\/01\/logo-unisson.svg","width":1,"height":1,"caption":"Laboratoires Unisson"},"image":{"@id":"https:\/\/www.laboratoires-unisson.com\/fr-be#\/schema\/logo\/image\/"}},{"@type":"Person","@id":"https:\/\/www.laboratoires-unisson.com\/fr-be#\/schema\/person\/51b65e6e2826cc55d237c62a84c2cbdc","name":"Amandine","sameAs":["https:\/\/www.linkedin.com\/in\/amandine-picouleau\/?original_referer=httpswwwgooglecom&originalSubdomain=fr"]}]}},"_links":{"self":[{"href":"https:\/\/www.laboratoires-unisson.com\/fr-be\/wp-json\/wp\/v2\/posts\/24794","targetHints":{"allow":["GET"]}}],"collection":[{"href":"https:\/\/www.laboratoires-unisson.com\/fr-be\/wp-json\/wp\/v2\/posts"}],"about":[{"href":"https:\/\/www.laboratoires-unisson.com\/fr-be\/wp-json\/wp\/v2\/types\/post"}],"author":[{"embeddable":true,"href":"https:\/\/www.laboratoires-unisson.com\/fr-be\/wp-json\/wp\/v2\/users\/3"}],"replies":[{"embeddable":true,"href":"https:\/\/www.laboratoires-unisson.com\/fr-be\/wp-json\/wp\/v2\/comments?post=24794"}],"version-history":[{"count":1,"href":"https:\/\/www.laboratoires-unisson.com\/fr-be\/wp-json\/wp\/v2\/posts\/24794\/revisions"}],"predecessor-version":[{"id":29571,"href":"https:\/\/www.laboratoires-unisson.com\/fr-be\/wp-json\/wp\/v2\/posts\/24794\/revisions\/29571"}],"wp:featuredmedia":[{"embeddable":true,"href":"https:\/\/www.laboratoires-unisson.com\/fr-be\/wp-json\/wp\/v2\/media\/19040"}],"wp:attachment":[{"href":"https:\/\/www.laboratoires-unisson.com\/fr-be\/wp-json\/wp\/v2\/media?parent=24794"}],"wp:term":[{"taxonomy":"category","embeddable":true,"href":"https:\/\/www.laboratoires-unisson.com\/fr-be\/wp-json\/wp\/v2\/categories?post=24794"},{"taxonomy":"post_tag","embeddable":true,"href":"https:\/\/www.laboratoires-unisson.com\/fr-be\/wp-json\/wp\/v2\/tags?post=24794"}],"curies":[{"name":"wp","href":"https:\/\/api.w.org\/{rel}","templated":true}]}}