{"id":24798,"date":"2018-03-08T17:05:21","date_gmt":"2018-03-08T16:05:21","guid":{"rendered":"https:\/\/www.laboratoires-unisson.com\/actualites\/le-larsen-et-les-appareils-auditifs"},"modified":"2025-06-27T09:59:47","modified_gmt":"2025-06-27T07:59:47","slug":"le-larsen-et-les-appareils-auditifs","status":"publish","type":"post","link":"https:\/\/www.laboratoires-unisson.com\/fr-be\/actualites\/le-larsen-et-les-appareils-auditifs","title":{"rendered":"Le larsen et les appareils auditifs"},"content":{"rendered":"","protected":false},"excerpt":{"rendered":"<p>Ceux qui ont d\u00e9j\u00e0 assist\u00e9 \u00e0 un concert ont surement d\u00e9j\u00e0 entendu ce son aigu et strident qui sort parfois des enceintes. Les anciens appareils produisaient \u00e9galement un sifflement d\u00e9sagr\u00e9able quand on approchait la main.\u00a0Il s\u2019agit dans les deux cas d\u2019un effet de larsen. Il s\u2019agit d\u2019une contrainte connue en audioproth\u00e8se qui est de plus en plus maitris\u00e9e, \u00e0 mesure que la technologie \u00e9volue.<\/p>\n","protected":false},"author":3,"featured_media":19046,"comment_status":"closed","ping_status":"closed","sticky":false,"template":"","format":"standard","meta":{"_acf_changed":false,"footnotes":""},"categories":[1],"tags":[],"class_list":["post-24798","post","type-post","status-publish","format-standard","has-post-thumbnail","hentry","category-non-classifiee"],"acf":[],"yoast_head":"<!-- This site is optimized with the Yoast SEO plugin v27.1.1 - https:\/\/yoast.com\/product\/yoast-seo-wordpress\/ -->\n<title>Effet larsen et Appareil Auditif : quels impacts ? | Guide &amp; Infos<\/title>\n<meta name=\"description\" content=\"G\u00ean\u00e9 par le larsen dans vos appareils auditifs ? Unisson vous explique comment le minimiser. Quelles solutions existent ?\" \/>\n<meta name=\"robots\" content=\"index, follow, max-snippet:-1, max-image-preview:large, max-video-preview:-1\" \/>\n<link rel=\"canonical\" href=\"https:\/\/www.laboratoires-unisson.com\/fr-be\/wp-json\/wp\/v2\/posts\/24798\" \/>\n<meta property=\"og:locale\" content=\"fr_FR\" \/>\n<meta property=\"og:type\" content=\"article\" \/>\n<meta property=\"og:title\" content=\"Effet larsen et Appareil Auditif : quels impacts ? | Guide &amp; Infos\" \/>\n<meta property=\"og:description\" content=\"G\u00ean\u00e9 par le larsen dans vos appareils auditifs ? Unisson vous explique comment le minimiser. Quelles solutions existent ?\" \/>\n<meta property=\"og:url\" content=\"https:\/\/www.laboratoires-unisson.com\/fr-be\/actualites\/le-larsen-et-les-appareils-auditifs\" \/>\n<meta property=\"og:site_name\" content=\"Laboratoires Unisson\" \/>\n<meta property=\"article:published_time\" content=\"2018-03-08T16:05:21+00:00\" \/>\n<meta property=\"article:modified_time\" content=\"2025-06-27T07:59:47+00:00\" \/>\n<meta property=\"og:image\" content=\"https:\/\/www.laboratoires-unisson.com\/wp-content\/uploads\/2022\/03\/larsen-appareil-auditif.jpg\" \/>\n\t<meta property=\"og:image:width\" content=\"1200\" \/>\n\t<meta property=\"og:image:height\" content=\"800\" \/>\n\t<meta property=\"og:image:type\" content=\"image\/jpeg\" \/>\n<meta name=\"author\" content=\"Amandine\" \/>\n<meta name=\"twitter:card\" content=\"summary_large_image\" \/>\n<meta name=\"twitter:label1\" content=\"Written by\" \/>\n\t<meta name=\"twitter:data1\" content=\"Amandine\" \/>\n\t<meta name=\"twitter:label2\" content=\"Est. reading time\" \/>\n\t<meta name=\"twitter:data2\" content=\"1 minute\" \/>\n<script type=\"application\/ld+json\" class=\"yoast-schema-graph\">{\"@context\":\"https:\/\/schema.org\",\"@graph\":[{\"@type\":\"Article\",\"@id\":\"https:\/\/www.laboratoires-unisson.com\/fr-be\/actualites\/le-larsen-et-les-appareils-auditifs#article\",\"isPartOf\":{\"@id\":\"https:\/\/www.laboratoires-unisson.com\/fr-be\/actualites\/le-larsen-et-les-appareils-auditifs\"},\"author\":{\"name\":\"Amandine\",\"@id\":\"https:\/\/www.laboratoires-unisson.com\/fr-be#\/schema\/person\/51b65e6e2826cc55d237c62a84c2cbdc\"},\"headline\":\"Le larsen et les appareils auditifs\",\"datePublished\":\"2018-03-08T16:05:21+00:00\",\"dateModified\":\"2025-06-27T07:59:47+00:00\",\"mainEntityOfPage\":{\"@id\":\"https:\/\/www.laboratoires-unisson.com\/fr-be\/actualites\/le-larsen-et-les-appareils-auditifs\"},\"wordCount\":6,\"publisher\":{\"@id\":\"https:\/\/www.laboratoires-unisson.com\/fr-be#organization\"},\"image\":{\"@id\":\"https:\/\/www.laboratoires-unisson.com\/fr-be\/actualites\/le-larsen-et-les-appareils-auditifs#primaryimage\"},\"thumbnailUrl\":\"https:\/\/www.laboratoires-unisson.com\/wp-content\/uploads\/2022\/03\/larsen-appareil-auditif.jpg\",\"articleSection\":[\"Non classifi\u00e9(e)\"],\"inLanguage\":\"fr-BE\"},{\"@type\":\"WebPage\",\"@id\":\"https:\/\/www.laboratoires-unisson.com\/fr-be\/actualites\/le-larsen-et-les-appareils-auditifs\",\"url\":\"https:\/\/www.laboratoires-unisson.com\/fr-be\/actualites\/le-larsen-et-les-appareils-auditifs\",\"name\":\"Effet larsen et Appareil Auditif : quels impacts ? | Guide & Infos\",\"isPartOf\":{\"@id\":\"https:\/\/www.laboratoires-unisson.com\/fr-be#website\"},\"primaryImageOfPage\":{\"@id\":\"https:\/\/www.laboratoires-unisson.com\/fr-be\/actualites\/le-larsen-et-les-appareils-auditifs#primaryimage\"},\"image\":{\"@id\":\"https:\/\/www.laboratoires-unisson.com\/fr-be\/actualites\/le-larsen-et-les-appareils-auditifs#primaryimage\"},\"thumbnailUrl\":\"https:\/\/www.laboratoires-unisson.com\/wp-content\/uploads\/2022\/03\/larsen-appareil-auditif.jpg\",\"datePublished\":\"2018-03-08T16:05:21+00:00\",\"dateModified\":\"2025-06-27T07:59:47+00:00\",\"description\":\"G\u00ean\u00e9 par le larsen dans vos appareils auditifs ? Unisson vous explique comment le minimiser. Quelles solutions existent ?\",\"inLanguage\":\"fr-BE\",\"potentialAction\":[{\"@type\":\"ReadAction\",\"target\":[\"https:\/\/www.laboratoires-unisson.com\/fr-be\/actualites\/le-larsen-et-les-appareils-auditifs\"]}]},{\"@type\":\"ImageObject\",\"inLanguage\":\"fr-BE\",\"@id\":\"https:\/\/www.laboratoires-unisson.com\/fr-be\/actualites\/le-larsen-et-les-appareils-auditifs#primaryimage\",\"url\":\"https:\/\/www.laboratoires-unisson.com\/wp-content\/uploads\/2022\/03\/larsen-appareil-auditif.jpg\",\"contentUrl\":\"https:\/\/www.laboratoires-unisson.com\/wp-content\/uploads\/2022\/03\/larsen-appareil-auditif.jpg\",\"width\":1200,\"height\":800},{\"@type\":\"WebSite\",\"@id\":\"https:\/\/www.laboratoires-unisson.com\/fr-be#website\",\"url\":\"https:\/\/www.laboratoires-unisson.com\/fr-be\",\"name\":\"Laboratoires Unisson\",\"description\":\"Appareil auditif et proth\u00e8se auditive Moins Cher jusqu&#039;\u00e0 -40%\",\"publisher\":{\"@id\":\"https:\/\/www.laboratoires-unisson.com\/fr-be#organization\"},\"potentialAction\":[{\"@type\":\"SearchAction\",\"target\":{\"@type\":\"EntryPoint\",\"urlTemplate\":\"https:\/\/www.laboratoires-unisson.com\/fr-be?s={search_term_string}\"},\"query-input\":{\"@type\":\"PropertyValueSpecification\",\"valueRequired\":true,\"valueName\":\"search_term_string\"}}],\"inLanguage\":\"fr-BE\"},{\"@type\":\"Organization\",\"@id\":\"https:\/\/www.laboratoires-unisson.com\/fr-be#organization\",\"name\":\"Laboratoires Unisson\",\"url\":\"https:\/\/www.laboratoires-unisson.com\/fr-be\",\"logo\":{\"@type\":\"ImageObject\",\"inLanguage\":\"fr-BE\",\"@id\":\"https:\/\/www.laboratoires-unisson.com\/fr-be#\/schema\/logo\/image\/\",\"url\":\"https:\/\/www.laboratoires-unisson.com\/wp-content\/uploads\/2022\/01\/logo-unisson.svg\",\"contentUrl\":\"https:\/\/www.laboratoires-unisson.com\/wp-content\/uploads\/2022\/01\/logo-unisson.svg\",\"width\":1,\"height\":1,\"caption\":\"Laboratoires Unisson\"},\"image\":{\"@id\":\"https:\/\/www.laboratoires-unisson.com\/fr-be#\/schema\/logo\/image\/\"}},{\"@type\":\"Person\",\"@id\":\"https:\/\/www.laboratoires-unisson.com\/fr-be#\/schema\/person\/51b65e6e2826cc55d237c62a84c2cbdc\",\"name\":\"Amandine\",\"sameAs\":[\"https:\/\/www.linkedin.com\/in\/amandine-picouleau\/?original_referer=httpswwwgooglecom&originalSubdomain=fr\"]}]}<\/script>\n<!-- \/ Yoast SEO plugin. -->","yoast_head_json":{"title":"Effet larsen et Appareil Auditif : quels impacts ? | Guide & Infos","description":"G\u00ean\u00e9 par le larsen dans vos appareils auditifs ? Unisson vous explique comment le minimiser. Quelles solutions existent ?","robots":{"index":"index","follow":"follow","max-snippet":"max-snippet:-1","max-image-preview":"max-image-preview:large","max-video-preview":"max-video-preview:-1"},"canonical":"https:\/\/www.laboratoires-unisson.com\/fr-be\/wp-json\/wp\/v2\/posts\/24798","og_locale":"fr_FR","og_type":"article","og_title":"Effet larsen et Appareil Auditif : quels impacts ? | Guide & Infos","og_description":"G\u00ean\u00e9 par le larsen dans vos appareils auditifs ? Unisson vous explique comment le minimiser. Quelles solutions existent ?","og_url":"https:\/\/www.laboratoires-unisson.com\/fr-be\/actualites\/le-larsen-et-les-appareils-auditifs","og_site_name":"Laboratoires Unisson","article_published_time":"2018-03-08T16:05:21+00:00","article_modified_time":"2025-06-27T07:59:47+00:00","og_image":[{"width":1200,"height":800,"url":"https:\/\/www.laboratoires-unisson.com\/wp-content\/uploads\/2022\/03\/larsen-appareil-auditif.jpg","type":"image\/jpeg"}],"author":"Amandine","twitter_card":"summary_large_image","twitter_misc":{"Written by":"Amandine","Est. reading time":"1 minute"},"schema":{"@context":"https:\/\/schema.org","@graph":[{"@type":"Article","@id":"https:\/\/www.laboratoires-unisson.com\/fr-be\/actualites\/le-larsen-et-les-appareils-auditifs#article","isPartOf":{"@id":"https:\/\/www.laboratoires-unisson.com\/fr-be\/actualites\/le-larsen-et-les-appareils-auditifs"},"author":{"name":"Amandine","@id":"https:\/\/www.laboratoires-unisson.com\/fr-be#\/schema\/person\/51b65e6e2826cc55d237c62a84c2cbdc"},"headline":"Le larsen et les appareils auditifs","datePublished":"2018-03-08T16:05:21+00:00","dateModified":"2025-06-27T07:59:47+00:00","mainEntityOfPage":{"@id":"https:\/\/www.laboratoires-unisson.com\/fr-be\/actualites\/le-larsen-et-les-appareils-auditifs"},"wordCount":6,"publisher":{"@id":"https:\/\/www.laboratoires-unisson.com\/fr-be#organization"},"image":{"@id":"https:\/\/www.laboratoires-unisson.com\/fr-be\/actualites\/le-larsen-et-les-appareils-auditifs#primaryimage"},"thumbnailUrl":"https:\/\/www.laboratoires-unisson.com\/wp-content\/uploads\/2022\/03\/larsen-appareil-auditif.jpg","articleSection":["Non classifi\u00e9(e)"],"inLanguage":"fr-BE"},{"@type":"WebPage","@id":"https:\/\/www.laboratoires-unisson.com\/fr-be\/actualites\/le-larsen-et-les-appareils-auditifs","url":"https:\/\/www.laboratoires-unisson.com\/fr-be\/actualites\/le-larsen-et-les-appareils-auditifs","name":"Effet larsen et Appareil Auditif : quels impacts ? | Guide & Infos","isPartOf":{"@id":"https:\/\/www.laboratoires-unisson.com\/fr-be#website"},"primaryImageOfPage":{"@id":"https:\/\/www.laboratoires-unisson.com\/fr-be\/actualites\/le-larsen-et-les-appareils-auditifs#primaryimage"},"image":{"@id":"https:\/\/www.laboratoires-unisson.com\/fr-be\/actualites\/le-larsen-et-les-appareils-auditifs#primaryimage"},"thumbnailUrl":"https:\/\/www.laboratoires-unisson.com\/wp-content\/uploads\/2022\/03\/larsen-appareil-auditif.jpg","datePublished":"2018-03-08T16:05:21+00:00","dateModified":"2025-06-27T07:59:47+00:00","description":"G\u00ean\u00e9 par le larsen dans vos appareils auditifs ? Unisson vous explique comment le minimiser. Quelles solutions existent ?","inLanguage":"fr-BE","potentialAction":[{"@type":"ReadAction","target":["https:\/\/www.laboratoires-unisson.com\/fr-be\/actualites\/le-larsen-et-les-appareils-auditifs"]}]},{"@type":"ImageObject","inLanguage":"fr-BE","@id":"https:\/\/www.laboratoires-unisson.com\/fr-be\/actualites\/le-larsen-et-les-appareils-auditifs#primaryimage","url":"https:\/\/www.laboratoires-unisson.com\/wp-content\/uploads\/2022\/03\/larsen-appareil-auditif.jpg","contentUrl":"https:\/\/www.laboratoires-unisson.com\/wp-content\/uploads\/2022\/03\/larsen-appareil-auditif.jpg","width":1200,"height":800},{"@type":"WebSite","@id":"https:\/\/www.laboratoires-unisson.com\/fr-be#website","url":"https:\/\/www.laboratoires-unisson.com\/fr-be","name":"Laboratoires Unisson","description":"Appareil auditif et proth\u00e8se auditive Moins Cher jusqu&#039;\u00e0 -40%","publisher":{"@id":"https:\/\/www.laboratoires-unisson.com\/fr-be#organization"},"potentialAction":[{"@type":"SearchAction","target":{"@type":"EntryPoint","urlTemplate":"https:\/\/www.laboratoires-unisson.com\/fr-be?s={search_term_string}"},"query-input":{"@type":"PropertyValueSpecification","valueRequired":true,"valueName":"search_term_string"}}],"inLanguage":"fr-BE"},{"@type":"Organization","@id":"https:\/\/www.laboratoires-unisson.com\/fr-be#organization","name":"Laboratoires Unisson","url":"https:\/\/www.laboratoires-unisson.com\/fr-be","logo":{"@type":"ImageObject","inLanguage":"fr-BE","@id":"https:\/\/www.laboratoires-unisson.com\/fr-be#\/schema\/logo\/image\/","url":"https:\/\/www.laboratoires-unisson.com\/wp-content\/uploads\/2022\/01\/logo-unisson.svg","contentUrl":"https:\/\/www.laboratoires-unisson.com\/wp-content\/uploads\/2022\/01\/logo-unisson.svg","width":1,"height":1,"caption":"Laboratoires Unisson"},"image":{"@id":"https:\/\/www.laboratoires-unisson.com\/fr-be#\/schema\/logo\/image\/"}},{"@type":"Person","@id":"https:\/\/www.laboratoires-unisson.com\/fr-be#\/schema\/person\/51b65e6e2826cc55d237c62a84c2cbdc","name":"Amandine","sameAs":["https:\/\/www.linkedin.com\/in\/amandine-picouleau\/?original_referer=httpswwwgooglecom&originalSubdomain=fr"]}]}},"_links":{"self":[{"href":"https:\/\/www.laboratoires-unisson.com\/fr-be\/wp-json\/wp\/v2\/posts\/24798","targetHints":{"allow":["GET"]}}],"collection":[{"href":"https:\/\/www.laboratoires-unisson.com\/fr-be\/wp-json\/wp\/v2\/posts"}],"about":[{"href":"https:\/\/www.laboratoires-unisson.com\/fr-be\/wp-json\/wp\/v2\/types\/post"}],"author":[{"embeddable":true,"href":"https:\/\/www.laboratoires-unisson.com\/fr-be\/wp-json\/wp\/v2\/users\/3"}],"replies":[{"embeddable":true,"href":"https:\/\/www.laboratoires-unisson.com\/fr-be\/wp-json\/wp\/v2\/comments?post=24798"}],"version-history":[{"count":1,"href":"https:\/\/www.laboratoires-unisson.com\/fr-be\/wp-json\/wp\/v2\/posts\/24798\/revisions"}],"predecessor-version":[{"id":29585,"href":"https:\/\/www.laboratoires-unisson.com\/fr-be\/wp-json\/wp\/v2\/posts\/24798\/revisions\/29585"}],"wp:featuredmedia":[{"embeddable":true,"href":"https:\/\/www.laboratoires-unisson.com\/fr-be\/wp-json\/wp\/v2\/media\/19046"}],"wp:attachment":[{"href":"https:\/\/www.laboratoires-unisson.com\/fr-be\/wp-json\/wp\/v2\/media?parent=24798"}],"wp:term":[{"taxonomy":"category","embeddable":true,"href":"https:\/\/www.laboratoires-unisson.com\/fr-be\/wp-json\/wp\/v2\/categories?post=24798"},{"taxonomy":"post_tag","embeddable":true,"href":"https:\/\/www.laboratoires-unisson.com\/fr-be\/wp-json\/wp\/v2\/tags?post=24798"}],"curies":[{"name":"wp","href":"https:\/\/api.w.org\/{rel}","templated":true}]}}