{"id":24813,"date":"2017-01-15T17:51:25","date_gmt":"2017-01-15T16:51:25","guid":{"rendered":"https:\/\/www.laboratoires-unisson.com\/actualites\/les-nouveaux-chargeurs-de-prothese-auditive-quel-interet"},"modified":"2025-06-27T09:38:48","modified_gmt":"2025-06-27T07:38:48","slug":"les-nouveaux-chargeurs-de-prothese-auditive-quel-interet","status":"publish","type":"post","link":"https:\/\/www.laboratoires-unisson.com\/fr-be\/actualites\/les-nouveaux-chargeurs-de-prothese-auditive-quel-interet","title":{"rendered":"Les nouveaux chargeurs de proth\u00e8se auditive ? Quel int\u00e9r\u00eat ?"},"content":{"rendered":"","protected":false},"excerpt":{"rendered":"<p>L\u2019ann\u00e9e 2016 fut marqu\u00e9e par la sortie d\u2019un nouveau type d\u2019appareils auditifs rechargeables. Ces derniers se passent de piles auditives et accumulateurs, au profit d\u2019une batterie rechargeable de nouvelle g\u00e9n\u00e9ration. Pour le patient, cela implique une utilisation plus intuitive ainsi qu\u2019une meilleure autonomie.<\/p>\n","protected":false},"author":10,"featured_media":19064,"comment_status":"closed","ping_status":"closed","sticky":false,"template":"","format":"standard","meta":{"_acf_changed":false,"footnotes":""},"categories":[1],"tags":[],"class_list":["post-24813","post","type-post","status-publish","format-standard","has-post-thumbnail","hentry","category-non-classifiee"],"acf":[],"yoast_head":"<!-- This site is optimized with the Yoast SEO plugin v27.1.1 - https:\/\/yoast.com\/product\/yoast-seo-wordpress\/ -->\n<title>Les nouveaux chargeurs de proth\u00e8se auditive\u00a0? Quel int\u00e9r\u00eat\u00a0?<\/title>\n<meta name=\"description\" content=\"D\u00e9couvrez les nouveaux appareils auditifs rechargeables avec batterie lithium. Une r\u00e9volution qui permet de se passer totalement de piles et accumulateurs.\" \/>\n<meta name=\"robots\" content=\"index, follow, max-snippet:-1, max-image-preview:large, max-video-preview:-1\" \/>\n<link rel=\"canonical\" href=\"https:\/\/www.laboratoires-unisson.com\/fr-be\/wp-json\/wp\/v2\/posts\/24813\" \/>\n<meta property=\"og:locale\" content=\"fr_FR\" \/>\n<meta property=\"og:type\" content=\"article\" \/>\n<meta property=\"og:title\" content=\"Les nouveaux chargeurs de proth\u00e8se auditive\u00a0? Quel int\u00e9r\u00eat\u00a0?\" \/>\n<meta property=\"og:description\" content=\"D\u00e9couvrez les nouveaux appareils auditifs rechargeables avec batterie lithium. Une r\u00e9volution qui permet de se passer totalement de piles et accumulateurs.\" \/>\n<meta property=\"og:url\" content=\"https:\/\/www.laboratoires-unisson.com\/fr-be\/actualites\/les-nouveaux-chargeurs-de-prothese-auditive-quel-interet\" \/>\n<meta property=\"og:site_name\" content=\"Laboratoires Unisson\" \/>\n<meta property=\"article:published_time\" content=\"2017-01-15T16:51:25+00:00\" \/>\n<meta property=\"article:modified_time\" content=\"2025-06-27T07:38:48+00:00\" \/>\n<meta property=\"og:image\" content=\"https:\/\/www.laboratoires-unisson.com\/wp-content\/uploads\/2022\/03\/chargeur-audioprothese.jpg\" \/>\n\t<meta property=\"og:image:width\" content=\"750\" \/>\n\t<meta property=\"og:image:height\" content=\"520\" \/>\n\t<meta property=\"og:image:type\" content=\"image\/jpeg\" \/>\n<meta name=\"author\" content=\"Julien\" \/>\n<meta name=\"twitter:card\" content=\"summary_large_image\" \/>\n<meta name=\"twitter:label1\" content=\"Written by\" \/>\n\t<meta name=\"twitter:data1\" content=\"Julien\" \/>\n\t<meta name=\"twitter:label2\" content=\"Est. reading time\" \/>\n\t<meta name=\"twitter:data2\" content=\"1 minute\" \/>\n<script type=\"application\/ld+json\" class=\"yoast-schema-graph\">{\"@context\":\"https:\/\/schema.org\",\"@graph\":[{\"@type\":\"Article\",\"@id\":\"https:\/\/www.laboratoires-unisson.com\/fr-be\/actualites\/les-nouveaux-chargeurs-de-prothese-auditive-quel-interet#article\",\"isPartOf\":{\"@id\":\"https:\/\/www.laboratoires-unisson.com\/fr-be\/actualites\/les-nouveaux-chargeurs-de-prothese-auditive-quel-interet\"},\"author\":{\"name\":\"Julien\",\"@id\":\"https:\/\/www.laboratoires-unisson.com\/fr-be#\/schema\/person\/20db3ceaad3da80454aa2ccede248cc6\"},\"headline\":\"Les nouveaux chargeurs de proth\u00e8se auditive ? Quel int\u00e9r\u00eat ?\",\"datePublished\":\"2017-01-15T16:51:25+00:00\",\"dateModified\":\"2025-06-27T07:38:48+00:00\",\"mainEntityOfPage\":{\"@id\":\"https:\/\/www.laboratoires-unisson.com\/fr-be\/actualites\/les-nouveaux-chargeurs-de-prothese-auditive-quel-interet\"},\"wordCount\":11,\"publisher\":{\"@id\":\"https:\/\/www.laboratoires-unisson.com\/fr-be#organization\"},\"image\":{\"@id\":\"https:\/\/www.laboratoires-unisson.com\/fr-be\/actualites\/les-nouveaux-chargeurs-de-prothese-auditive-quel-interet#primaryimage\"},\"thumbnailUrl\":\"https:\/\/www.laboratoires-unisson.com\/wp-content\/uploads\/2022\/03\/chargeur-audioprothese.jpg\",\"articleSection\":[\"Non classifi\u00e9(e)\"],\"inLanguage\":\"fr-BE\"},{\"@type\":\"WebPage\",\"@id\":\"https:\/\/www.laboratoires-unisson.com\/fr-be\/actualites\/les-nouveaux-chargeurs-de-prothese-auditive-quel-interet\",\"url\":\"https:\/\/www.laboratoires-unisson.com\/fr-be\/actualites\/les-nouveaux-chargeurs-de-prothese-auditive-quel-interet\",\"name\":\"Les nouveaux chargeurs de proth\u00e8se auditive\u00a0? Quel int\u00e9r\u00eat\u00a0?\",\"isPartOf\":{\"@id\":\"https:\/\/www.laboratoires-unisson.com\/fr-be#website\"},\"primaryImageOfPage\":{\"@id\":\"https:\/\/www.laboratoires-unisson.com\/fr-be\/actualites\/les-nouveaux-chargeurs-de-prothese-auditive-quel-interet#primaryimage\"},\"image\":{\"@id\":\"https:\/\/www.laboratoires-unisson.com\/fr-be\/actualites\/les-nouveaux-chargeurs-de-prothese-auditive-quel-interet#primaryimage\"},\"thumbnailUrl\":\"https:\/\/www.laboratoires-unisson.com\/wp-content\/uploads\/2022\/03\/chargeur-audioprothese.jpg\",\"datePublished\":\"2017-01-15T16:51:25+00:00\",\"dateModified\":\"2025-06-27T07:38:48+00:00\",\"description\":\"D\u00e9couvrez les nouveaux appareils auditifs rechargeables avec batterie lithium. Une r\u00e9volution qui permet de se passer totalement de piles et accumulateurs.\",\"inLanguage\":\"fr-BE\",\"potentialAction\":[{\"@type\":\"ReadAction\",\"target\":[\"https:\/\/www.laboratoires-unisson.com\/fr-be\/actualites\/les-nouveaux-chargeurs-de-prothese-auditive-quel-interet\"]}]},{\"@type\":\"ImageObject\",\"inLanguage\":\"fr-BE\",\"@id\":\"https:\/\/www.laboratoires-unisson.com\/fr-be\/actualites\/les-nouveaux-chargeurs-de-prothese-auditive-quel-interet#primaryimage\",\"url\":\"https:\/\/www.laboratoires-unisson.com\/wp-content\/uploads\/2022\/03\/chargeur-audioprothese.jpg\",\"contentUrl\":\"https:\/\/www.laboratoires-unisson.com\/wp-content\/uploads\/2022\/03\/chargeur-audioprothese.jpg\",\"width\":750,\"height\":520},{\"@type\":\"WebSite\",\"@id\":\"https:\/\/www.laboratoires-unisson.com\/fr-be#website\",\"url\":\"https:\/\/www.laboratoires-unisson.com\/fr-be\",\"name\":\"Laboratoires Unisson\",\"description\":\"Appareil auditif et proth\u00e8se auditive Moins Cher jusqu&#039;\u00e0 -40%\",\"publisher\":{\"@id\":\"https:\/\/www.laboratoires-unisson.com\/fr-be#organization\"},\"potentialAction\":[{\"@type\":\"SearchAction\",\"target\":{\"@type\":\"EntryPoint\",\"urlTemplate\":\"https:\/\/www.laboratoires-unisson.com\/fr-be?s={search_term_string}\"},\"query-input\":{\"@type\":\"PropertyValueSpecification\",\"valueRequired\":true,\"valueName\":\"search_term_string\"}}],\"inLanguage\":\"fr-BE\"},{\"@type\":\"Organization\",\"@id\":\"https:\/\/www.laboratoires-unisson.com\/fr-be#organization\",\"name\":\"Laboratoires Unisson\",\"url\":\"https:\/\/www.laboratoires-unisson.com\/fr-be\",\"logo\":{\"@type\":\"ImageObject\",\"inLanguage\":\"fr-BE\",\"@id\":\"https:\/\/www.laboratoires-unisson.com\/fr-be#\/schema\/logo\/image\/\",\"url\":\"https:\/\/www.laboratoires-unisson.com\/wp-content\/uploads\/2022\/01\/logo-unisson.svg\",\"contentUrl\":\"https:\/\/www.laboratoires-unisson.com\/wp-content\/uploads\/2022\/01\/logo-unisson.svg\",\"width\":1,\"height\":1,\"caption\":\"Laboratoires Unisson\"},\"image\":{\"@id\":\"https:\/\/www.laboratoires-unisson.com\/fr-be#\/schema\/logo\/image\/\"}},{\"@type\":\"Person\",\"@id\":\"https:\/\/www.laboratoires-unisson.com\/fr-be#\/schema\/person\/20db3ceaad3da80454aa2ccede248cc6\",\"name\":\"Julien\"}]}<\/script>\n<!-- \/ Yoast SEO plugin. -->","yoast_head_json":{"title":"Les nouveaux chargeurs de proth\u00e8se auditive\u00a0? Quel int\u00e9r\u00eat\u00a0?","description":"D\u00e9couvrez les nouveaux appareils auditifs rechargeables avec batterie lithium. Une r\u00e9volution qui permet de se passer totalement de piles et accumulateurs.","robots":{"index":"index","follow":"follow","max-snippet":"max-snippet:-1","max-image-preview":"max-image-preview:large","max-video-preview":"max-video-preview:-1"},"canonical":"https:\/\/www.laboratoires-unisson.com\/fr-be\/wp-json\/wp\/v2\/posts\/24813","og_locale":"fr_FR","og_type":"article","og_title":"Les nouveaux chargeurs de proth\u00e8se auditive\u00a0? Quel int\u00e9r\u00eat\u00a0?","og_description":"D\u00e9couvrez les nouveaux appareils auditifs rechargeables avec batterie lithium. Une r\u00e9volution qui permet de se passer totalement de piles et accumulateurs.","og_url":"https:\/\/www.laboratoires-unisson.com\/fr-be\/actualites\/les-nouveaux-chargeurs-de-prothese-auditive-quel-interet","og_site_name":"Laboratoires Unisson","article_published_time":"2017-01-15T16:51:25+00:00","article_modified_time":"2025-06-27T07:38:48+00:00","og_image":[{"width":750,"height":520,"url":"https:\/\/www.laboratoires-unisson.com\/wp-content\/uploads\/2022\/03\/chargeur-audioprothese.jpg","type":"image\/jpeg"}],"author":"Julien","twitter_card":"summary_large_image","twitter_misc":{"Written by":"Julien","Est. reading time":"1 minute"},"schema":{"@context":"https:\/\/schema.org","@graph":[{"@type":"Article","@id":"https:\/\/www.laboratoires-unisson.com\/fr-be\/actualites\/les-nouveaux-chargeurs-de-prothese-auditive-quel-interet#article","isPartOf":{"@id":"https:\/\/www.laboratoires-unisson.com\/fr-be\/actualites\/les-nouveaux-chargeurs-de-prothese-auditive-quel-interet"},"author":{"name":"Julien","@id":"https:\/\/www.laboratoires-unisson.com\/fr-be#\/schema\/person\/20db3ceaad3da80454aa2ccede248cc6"},"headline":"Les nouveaux chargeurs de proth\u00e8se auditive ? Quel int\u00e9r\u00eat ?","datePublished":"2017-01-15T16:51:25+00:00","dateModified":"2025-06-27T07:38:48+00:00","mainEntityOfPage":{"@id":"https:\/\/www.laboratoires-unisson.com\/fr-be\/actualites\/les-nouveaux-chargeurs-de-prothese-auditive-quel-interet"},"wordCount":11,"publisher":{"@id":"https:\/\/www.laboratoires-unisson.com\/fr-be#organization"},"image":{"@id":"https:\/\/www.laboratoires-unisson.com\/fr-be\/actualites\/les-nouveaux-chargeurs-de-prothese-auditive-quel-interet#primaryimage"},"thumbnailUrl":"https:\/\/www.laboratoires-unisson.com\/wp-content\/uploads\/2022\/03\/chargeur-audioprothese.jpg","articleSection":["Non classifi\u00e9(e)"],"inLanguage":"fr-BE"},{"@type":"WebPage","@id":"https:\/\/www.laboratoires-unisson.com\/fr-be\/actualites\/les-nouveaux-chargeurs-de-prothese-auditive-quel-interet","url":"https:\/\/www.laboratoires-unisson.com\/fr-be\/actualites\/les-nouveaux-chargeurs-de-prothese-auditive-quel-interet","name":"Les nouveaux chargeurs de proth\u00e8se auditive\u00a0? Quel int\u00e9r\u00eat\u00a0?","isPartOf":{"@id":"https:\/\/www.laboratoires-unisson.com\/fr-be#website"},"primaryImageOfPage":{"@id":"https:\/\/www.laboratoires-unisson.com\/fr-be\/actualites\/les-nouveaux-chargeurs-de-prothese-auditive-quel-interet#primaryimage"},"image":{"@id":"https:\/\/www.laboratoires-unisson.com\/fr-be\/actualites\/les-nouveaux-chargeurs-de-prothese-auditive-quel-interet#primaryimage"},"thumbnailUrl":"https:\/\/www.laboratoires-unisson.com\/wp-content\/uploads\/2022\/03\/chargeur-audioprothese.jpg","datePublished":"2017-01-15T16:51:25+00:00","dateModified":"2025-06-27T07:38:48+00:00","description":"D\u00e9couvrez les nouveaux appareils auditifs rechargeables avec batterie lithium. Une r\u00e9volution qui permet de se passer totalement de piles et accumulateurs.","inLanguage":"fr-BE","potentialAction":[{"@type":"ReadAction","target":["https:\/\/www.laboratoires-unisson.com\/fr-be\/actualites\/les-nouveaux-chargeurs-de-prothese-auditive-quel-interet"]}]},{"@type":"ImageObject","inLanguage":"fr-BE","@id":"https:\/\/www.laboratoires-unisson.com\/fr-be\/actualites\/les-nouveaux-chargeurs-de-prothese-auditive-quel-interet#primaryimage","url":"https:\/\/www.laboratoires-unisson.com\/wp-content\/uploads\/2022\/03\/chargeur-audioprothese.jpg","contentUrl":"https:\/\/www.laboratoires-unisson.com\/wp-content\/uploads\/2022\/03\/chargeur-audioprothese.jpg","width":750,"height":520},{"@type":"WebSite","@id":"https:\/\/www.laboratoires-unisson.com\/fr-be#website","url":"https:\/\/www.laboratoires-unisson.com\/fr-be","name":"Laboratoires Unisson","description":"Appareil auditif et proth\u00e8se auditive Moins Cher jusqu&#039;\u00e0 -40%","publisher":{"@id":"https:\/\/www.laboratoires-unisson.com\/fr-be#organization"},"potentialAction":[{"@type":"SearchAction","target":{"@type":"EntryPoint","urlTemplate":"https:\/\/www.laboratoires-unisson.com\/fr-be?s={search_term_string}"},"query-input":{"@type":"PropertyValueSpecification","valueRequired":true,"valueName":"search_term_string"}}],"inLanguage":"fr-BE"},{"@type":"Organization","@id":"https:\/\/www.laboratoires-unisson.com\/fr-be#organization","name":"Laboratoires Unisson","url":"https:\/\/www.laboratoires-unisson.com\/fr-be","logo":{"@type":"ImageObject","inLanguage":"fr-BE","@id":"https:\/\/www.laboratoires-unisson.com\/fr-be#\/schema\/logo\/image\/","url":"https:\/\/www.laboratoires-unisson.com\/wp-content\/uploads\/2022\/01\/logo-unisson.svg","contentUrl":"https:\/\/www.laboratoires-unisson.com\/wp-content\/uploads\/2022\/01\/logo-unisson.svg","width":1,"height":1,"caption":"Laboratoires Unisson"},"image":{"@id":"https:\/\/www.laboratoires-unisson.com\/fr-be#\/schema\/logo\/image\/"}},{"@type":"Person","@id":"https:\/\/www.laboratoires-unisson.com\/fr-be#\/schema\/person\/20db3ceaad3da80454aa2ccede248cc6","name":"Julien"}]}},"_links":{"self":[{"href":"https:\/\/www.laboratoires-unisson.com\/fr-be\/wp-json\/wp\/v2\/posts\/24813","targetHints":{"allow":["GET"]}}],"collection":[{"href":"https:\/\/www.laboratoires-unisson.com\/fr-be\/wp-json\/wp\/v2\/posts"}],"about":[{"href":"https:\/\/www.laboratoires-unisson.com\/fr-be\/wp-json\/wp\/v2\/types\/post"}],"author":[{"embeddable":true,"href":"https:\/\/www.laboratoires-unisson.com\/fr-be\/wp-json\/wp\/v2\/users\/10"}],"replies":[{"embeddable":true,"href":"https:\/\/www.laboratoires-unisson.com\/fr-be\/wp-json\/wp\/v2\/comments?post=24813"}],"version-history":[{"count":1,"href":"https:\/\/www.laboratoires-unisson.com\/fr-be\/wp-json\/wp\/v2\/posts\/24813\/revisions"}],"predecessor-version":[{"id":29547,"href":"https:\/\/www.laboratoires-unisson.com\/fr-be\/wp-json\/wp\/v2\/posts\/24813\/revisions\/29547"}],"wp:featuredmedia":[{"embeddable":true,"href":"https:\/\/www.laboratoires-unisson.com\/fr-be\/wp-json\/wp\/v2\/media\/19064"}],"wp:attachment":[{"href":"https:\/\/www.laboratoires-unisson.com\/fr-be\/wp-json\/wp\/v2\/media?parent=24813"}],"wp:term":[{"taxonomy":"category","embeddable":true,"href":"https:\/\/www.laboratoires-unisson.com\/fr-be\/wp-json\/wp\/v2\/categories?post=24813"},{"taxonomy":"post_tag","embeddable":true,"href":"https:\/\/www.laboratoires-unisson.com\/fr-be\/wp-json\/wp\/v2\/tags?post=24813"}],"curies":[{"name":"wp","href":"https:\/\/api.w.org\/{rel}","templated":true}]}}