{"id":24818,"date":"2016-11-28T18:03:41","date_gmt":"2016-11-28T17:03:41","guid":{"rendered":"https:\/\/www.laboratoires-unisson.com\/actualites\/risques-auditifs-chez-les-jeunes-les-mesures-preventives-a-adopter"},"modified":"2025-06-27T09:39:50","modified_gmt":"2025-06-27T07:39:50","slug":"risques-auditifs-chez-les-jeunes-les-mesures-preventives-a-adopter","status":"publish","type":"post","link":"https:\/\/www.laboratoires-unisson.com\/fr-be\/actualites\/risques-auditifs-chez-les-jeunes-les-mesures-preventives-a-adopter","title":{"rendered":"Risques auditifs chez les jeunes : les mesures pr\u00e9ventives \u00e0 adopter"},"content":{"rendered":"","protected":false},"excerpt":{"rendered":"<p>Les expositions sonores repr\u00e9sentent une des causes majeures de d\u00e9ficit auditif chez les jeunes de moins de 25 ans. 10% d\u2019entre eux pr\u00e9sentent un\u00a0trouble de l\u2019audition.\u00a0Si celles-ci sont prolong\u00e9es ou r\u00e9p\u00e9t\u00e9es, elles peuvent \u00eatre \u00e0 l\u2019origine de l\u00e9sions graves du syst\u00e8me auditif, qui peuvent \u00eatre irr\u00e9versibles et responsables de troubles d\u00e9finitifs. L\u2019oreille et les cellules cili\u00e9es peuvent \u00eatre endommag\u00e9es bien avant que l\u2019on ne ressente une quelconque douleur.\u00a0Les risques auditifs chez les jeunes sont de plus en plus fr\u00e9quents, d\u2019o\u00f9 le r\u00f4le important de la pr\u00e9vention et des campagnes de sensibilisation,\u00a0quasiment inexistantes dans les \u00e9tablissements scolaires comme les coll\u00e8ges ou les lyc\u00e9es.<\/p>\n","protected":false},"author":10,"featured_media":19784,"comment_status":"closed","ping_status":"closed","sticky":false,"template":"","format":"standard","meta":{"_acf_changed":false,"footnotes":""},"categories":[1],"tags":[],"class_list":["post-24818","post","type-post","status-publish","format-standard","has-post-thumbnail","hentry","category-non-classifiee"],"acf":[],"yoast_head":"<!-- This site is optimized with the Yoast SEO plugin v27.1.1 - https:\/\/yoast.com\/product\/yoast-seo-wordpress\/ -->\n<title>Risque auditifs - Pr\u00e9vention auditive - Laboratoires Unisson<\/title>\n<meta name=\"description\" content=\"Quels signes doivent alerter sur les risques auditifs chez les jeunes ? D\u00e9couvrez les mesures pr\u00e9ventives essentielles pour prot\u00e9ger votre audition.\" \/>\n<meta name=\"robots\" content=\"index, follow, max-snippet:-1, max-image-preview:large, max-video-preview:-1\" \/>\n<link rel=\"canonical\" href=\"https:\/\/www.laboratoires-unisson.com\/fr-be\/wp-json\/wp\/v2\/posts\/24818\" \/>\n<meta property=\"og:locale\" content=\"fr_FR\" \/>\n<meta property=\"og:type\" content=\"article\" \/>\n<meta property=\"og:title\" content=\"Risque auditifs - Pr\u00e9vention auditive - Laboratoires Unisson\" \/>\n<meta property=\"og:description\" content=\"Quels signes doivent alerter sur les risques auditifs chez les jeunes ? D\u00e9couvrez les mesures pr\u00e9ventives essentielles pour prot\u00e9ger votre audition.\" \/>\n<meta property=\"og:url\" content=\"https:\/\/www.laboratoires-unisson.com\/fr-be\/actualites\/risques-auditifs-chez-les-jeunes-les-mesures-preventives-a-adopter\" \/>\n<meta property=\"og:site_name\" content=\"Laboratoires Unisson\" \/>\n<meta property=\"article:published_time\" content=\"2016-11-28T17:03:41+00:00\" \/>\n<meta property=\"article:modified_time\" content=\"2025-06-27T07:39:50+00:00\" \/>\n<meta property=\"og:image\" content=\"https:\/\/www.laboratoires-unisson.com\/wp-content\/uploads\/2016\/11\/prevention-auditive-jeune-min.jpg\" \/>\n\t<meta property=\"og:image:width\" content=\"1200\" \/>\n\t<meta property=\"og:image:height\" content=\"649\" \/>\n\t<meta property=\"og:image:type\" content=\"image\/jpeg\" \/>\n<meta name=\"author\" content=\"Julien\" \/>\n<meta name=\"twitter:card\" content=\"summary_large_image\" \/>\n<meta name=\"twitter:label1\" content=\"Written by\" \/>\n\t<meta name=\"twitter:data1\" content=\"Julien\" \/>\n\t<meta name=\"twitter:label2\" content=\"Est. reading time\" \/>\n\t<meta name=\"twitter:data2\" content=\"1 minute\" \/>\n<script type=\"application\/ld+json\" class=\"yoast-schema-graph\">{\"@context\":\"https:\/\/schema.org\",\"@graph\":[{\"@type\":\"Article\",\"@id\":\"https:\/\/www.laboratoires-unisson.com\/fr-be\/actualites\/risques-auditifs-chez-les-jeunes-les-mesures-preventives-a-adopter#article\",\"isPartOf\":{\"@id\":\"https:\/\/www.laboratoires-unisson.com\/fr-be\/actualites\/risques-auditifs-chez-les-jeunes-les-mesures-preventives-a-adopter\"},\"author\":{\"name\":\"Julien\",\"@id\":\"https:\/\/www.laboratoires-unisson.com\/fr-be#\/schema\/person\/20db3ceaad3da80454aa2ccede248cc6\"},\"headline\":\"Risques auditifs chez les jeunes : les mesures pr\u00e9ventives \u00e0 adopter\",\"datePublished\":\"2016-11-28T17:03:41+00:00\",\"dateModified\":\"2025-06-27T07:39:50+00:00\",\"mainEntityOfPage\":{\"@id\":\"https:\/\/www.laboratoires-unisson.com\/fr-be\/actualites\/risques-auditifs-chez-les-jeunes-les-mesures-preventives-a-adopter\"},\"wordCount\":10,\"publisher\":{\"@id\":\"https:\/\/www.laboratoires-unisson.com\/fr-be#organization\"},\"image\":{\"@id\":\"https:\/\/www.laboratoires-unisson.com\/fr-be\/actualites\/risques-auditifs-chez-les-jeunes-les-mesures-preventives-a-adopter#primaryimage\"},\"thumbnailUrl\":\"https:\/\/www.laboratoires-unisson.com\/wp-content\/uploads\/2016\/11\/prevention-auditive-jeune-min.jpg\",\"articleSection\":[\"Non classifi\u00e9(e)\"],\"inLanguage\":\"fr-BE\"},{\"@type\":\"WebPage\",\"@id\":\"https:\/\/www.laboratoires-unisson.com\/fr-be\/actualites\/risques-auditifs-chez-les-jeunes-les-mesures-preventives-a-adopter\",\"url\":\"https:\/\/www.laboratoires-unisson.com\/fr-be\/actualites\/risques-auditifs-chez-les-jeunes-les-mesures-preventives-a-adopter\",\"name\":\"Risque auditifs - Pr\u00e9vention auditive - Laboratoires Unisson\",\"isPartOf\":{\"@id\":\"https:\/\/www.laboratoires-unisson.com\/fr-be#website\"},\"primaryImageOfPage\":{\"@id\":\"https:\/\/www.laboratoires-unisson.com\/fr-be\/actualites\/risques-auditifs-chez-les-jeunes-les-mesures-preventives-a-adopter#primaryimage\"},\"image\":{\"@id\":\"https:\/\/www.laboratoires-unisson.com\/fr-be\/actualites\/risques-auditifs-chez-les-jeunes-les-mesures-preventives-a-adopter#primaryimage\"},\"thumbnailUrl\":\"https:\/\/www.laboratoires-unisson.com\/wp-content\/uploads\/2016\/11\/prevention-auditive-jeune-min.jpg\",\"datePublished\":\"2016-11-28T17:03:41+00:00\",\"dateModified\":\"2025-06-27T07:39:50+00:00\",\"description\":\"Quels signes doivent alerter sur les risques auditifs chez les jeunes ? D\u00e9couvrez les mesures pr\u00e9ventives essentielles pour prot\u00e9ger votre audition.\",\"inLanguage\":\"fr-BE\",\"potentialAction\":[{\"@type\":\"ReadAction\",\"target\":[\"https:\/\/www.laboratoires-unisson.com\/fr-be\/actualites\/risques-auditifs-chez-les-jeunes-les-mesures-preventives-a-adopter\"]}]},{\"@type\":\"ImageObject\",\"inLanguage\":\"fr-BE\",\"@id\":\"https:\/\/www.laboratoires-unisson.com\/fr-be\/actualites\/risques-auditifs-chez-les-jeunes-les-mesures-preventives-a-adopter#primaryimage\",\"url\":\"https:\/\/www.laboratoires-unisson.com\/wp-content\/uploads\/2016\/11\/prevention-auditive-jeune-min.jpg\",\"contentUrl\":\"https:\/\/www.laboratoires-unisson.com\/wp-content\/uploads\/2016\/11\/prevention-auditive-jeune-min.jpg\",\"width\":1200,\"height\":649},{\"@type\":\"WebSite\",\"@id\":\"https:\/\/www.laboratoires-unisson.com\/fr-be#website\",\"url\":\"https:\/\/www.laboratoires-unisson.com\/fr-be\",\"name\":\"Laboratoires Unisson\",\"description\":\"Appareil auditif et proth\u00e8se auditive Moins Cher jusqu&#039;\u00e0 -40%\",\"publisher\":{\"@id\":\"https:\/\/www.laboratoires-unisson.com\/fr-be#organization\"},\"potentialAction\":[{\"@type\":\"SearchAction\",\"target\":{\"@type\":\"EntryPoint\",\"urlTemplate\":\"https:\/\/www.laboratoires-unisson.com\/fr-be?s={search_term_string}\"},\"query-input\":{\"@type\":\"PropertyValueSpecification\",\"valueRequired\":true,\"valueName\":\"search_term_string\"}}],\"inLanguage\":\"fr-BE\"},{\"@type\":\"Organization\",\"@id\":\"https:\/\/www.laboratoires-unisson.com\/fr-be#organization\",\"name\":\"Laboratoires Unisson\",\"url\":\"https:\/\/www.laboratoires-unisson.com\/fr-be\",\"logo\":{\"@type\":\"ImageObject\",\"inLanguage\":\"fr-BE\",\"@id\":\"https:\/\/www.laboratoires-unisson.com\/fr-be#\/schema\/logo\/image\/\",\"url\":\"https:\/\/www.laboratoires-unisson.com\/wp-content\/uploads\/2022\/01\/logo-unisson.svg\",\"contentUrl\":\"https:\/\/www.laboratoires-unisson.com\/wp-content\/uploads\/2022\/01\/logo-unisson.svg\",\"width\":1,\"height\":1,\"caption\":\"Laboratoires Unisson\"},\"image\":{\"@id\":\"https:\/\/www.laboratoires-unisson.com\/fr-be#\/schema\/logo\/image\/\"}},{\"@type\":\"Person\",\"@id\":\"https:\/\/www.laboratoires-unisson.com\/fr-be#\/schema\/person\/20db3ceaad3da80454aa2ccede248cc6\",\"name\":\"Julien\"}]}<\/script>\n<!-- \/ Yoast SEO plugin. -->","yoast_head_json":{"title":"Risque auditifs - Pr\u00e9vention auditive - Laboratoires Unisson","description":"Quels signes doivent alerter sur les risques auditifs chez les jeunes ? D\u00e9couvrez les mesures pr\u00e9ventives essentielles pour prot\u00e9ger votre audition.","robots":{"index":"index","follow":"follow","max-snippet":"max-snippet:-1","max-image-preview":"max-image-preview:large","max-video-preview":"max-video-preview:-1"},"canonical":"https:\/\/www.laboratoires-unisson.com\/fr-be\/wp-json\/wp\/v2\/posts\/24818","og_locale":"fr_FR","og_type":"article","og_title":"Risque auditifs - Pr\u00e9vention auditive - Laboratoires Unisson","og_description":"Quels signes doivent alerter sur les risques auditifs chez les jeunes ? D\u00e9couvrez les mesures pr\u00e9ventives essentielles pour prot\u00e9ger votre audition.","og_url":"https:\/\/www.laboratoires-unisson.com\/fr-be\/actualites\/risques-auditifs-chez-les-jeunes-les-mesures-preventives-a-adopter","og_site_name":"Laboratoires Unisson","article_published_time":"2016-11-28T17:03:41+00:00","article_modified_time":"2025-06-27T07:39:50+00:00","og_image":[{"width":1200,"height":649,"url":"https:\/\/www.laboratoires-unisson.com\/wp-content\/uploads\/2016\/11\/prevention-auditive-jeune-min.jpg","type":"image\/jpeg"}],"author":"Julien","twitter_card":"summary_large_image","twitter_misc":{"Written by":"Julien","Est. reading time":"1 minute"},"schema":{"@context":"https:\/\/schema.org","@graph":[{"@type":"Article","@id":"https:\/\/www.laboratoires-unisson.com\/fr-be\/actualites\/risques-auditifs-chez-les-jeunes-les-mesures-preventives-a-adopter#article","isPartOf":{"@id":"https:\/\/www.laboratoires-unisson.com\/fr-be\/actualites\/risques-auditifs-chez-les-jeunes-les-mesures-preventives-a-adopter"},"author":{"name":"Julien","@id":"https:\/\/www.laboratoires-unisson.com\/fr-be#\/schema\/person\/20db3ceaad3da80454aa2ccede248cc6"},"headline":"Risques auditifs chez les jeunes : les mesures pr\u00e9ventives \u00e0 adopter","datePublished":"2016-11-28T17:03:41+00:00","dateModified":"2025-06-27T07:39:50+00:00","mainEntityOfPage":{"@id":"https:\/\/www.laboratoires-unisson.com\/fr-be\/actualites\/risques-auditifs-chez-les-jeunes-les-mesures-preventives-a-adopter"},"wordCount":10,"publisher":{"@id":"https:\/\/www.laboratoires-unisson.com\/fr-be#organization"},"image":{"@id":"https:\/\/www.laboratoires-unisson.com\/fr-be\/actualites\/risques-auditifs-chez-les-jeunes-les-mesures-preventives-a-adopter#primaryimage"},"thumbnailUrl":"https:\/\/www.laboratoires-unisson.com\/wp-content\/uploads\/2016\/11\/prevention-auditive-jeune-min.jpg","articleSection":["Non classifi\u00e9(e)"],"inLanguage":"fr-BE"},{"@type":"WebPage","@id":"https:\/\/www.laboratoires-unisson.com\/fr-be\/actualites\/risques-auditifs-chez-les-jeunes-les-mesures-preventives-a-adopter","url":"https:\/\/www.laboratoires-unisson.com\/fr-be\/actualites\/risques-auditifs-chez-les-jeunes-les-mesures-preventives-a-adopter","name":"Risque auditifs - Pr\u00e9vention auditive - Laboratoires Unisson","isPartOf":{"@id":"https:\/\/www.laboratoires-unisson.com\/fr-be#website"},"primaryImageOfPage":{"@id":"https:\/\/www.laboratoires-unisson.com\/fr-be\/actualites\/risques-auditifs-chez-les-jeunes-les-mesures-preventives-a-adopter#primaryimage"},"image":{"@id":"https:\/\/www.laboratoires-unisson.com\/fr-be\/actualites\/risques-auditifs-chez-les-jeunes-les-mesures-preventives-a-adopter#primaryimage"},"thumbnailUrl":"https:\/\/www.laboratoires-unisson.com\/wp-content\/uploads\/2016\/11\/prevention-auditive-jeune-min.jpg","datePublished":"2016-11-28T17:03:41+00:00","dateModified":"2025-06-27T07:39:50+00:00","description":"Quels signes doivent alerter sur les risques auditifs chez les jeunes ? D\u00e9couvrez les mesures pr\u00e9ventives essentielles pour prot\u00e9ger votre audition.","inLanguage":"fr-BE","potentialAction":[{"@type":"ReadAction","target":["https:\/\/www.laboratoires-unisson.com\/fr-be\/actualites\/risques-auditifs-chez-les-jeunes-les-mesures-preventives-a-adopter"]}]},{"@type":"ImageObject","inLanguage":"fr-BE","@id":"https:\/\/www.laboratoires-unisson.com\/fr-be\/actualites\/risques-auditifs-chez-les-jeunes-les-mesures-preventives-a-adopter#primaryimage","url":"https:\/\/www.laboratoires-unisson.com\/wp-content\/uploads\/2016\/11\/prevention-auditive-jeune-min.jpg","contentUrl":"https:\/\/www.laboratoires-unisson.com\/wp-content\/uploads\/2016\/11\/prevention-auditive-jeune-min.jpg","width":1200,"height":649},{"@type":"WebSite","@id":"https:\/\/www.laboratoires-unisson.com\/fr-be#website","url":"https:\/\/www.laboratoires-unisson.com\/fr-be","name":"Laboratoires Unisson","description":"Appareil auditif et proth\u00e8se auditive Moins Cher jusqu&#039;\u00e0 -40%","publisher":{"@id":"https:\/\/www.laboratoires-unisson.com\/fr-be#organization"},"potentialAction":[{"@type":"SearchAction","target":{"@type":"EntryPoint","urlTemplate":"https:\/\/www.laboratoires-unisson.com\/fr-be?s={search_term_string}"},"query-input":{"@type":"PropertyValueSpecification","valueRequired":true,"valueName":"search_term_string"}}],"inLanguage":"fr-BE"},{"@type":"Organization","@id":"https:\/\/www.laboratoires-unisson.com\/fr-be#organization","name":"Laboratoires Unisson","url":"https:\/\/www.laboratoires-unisson.com\/fr-be","logo":{"@type":"ImageObject","inLanguage":"fr-BE","@id":"https:\/\/www.laboratoires-unisson.com\/fr-be#\/schema\/logo\/image\/","url":"https:\/\/www.laboratoires-unisson.com\/wp-content\/uploads\/2022\/01\/logo-unisson.svg","contentUrl":"https:\/\/www.laboratoires-unisson.com\/wp-content\/uploads\/2022\/01\/logo-unisson.svg","width":1,"height":1,"caption":"Laboratoires Unisson"},"image":{"@id":"https:\/\/www.laboratoires-unisson.com\/fr-be#\/schema\/logo\/image\/"}},{"@type":"Person","@id":"https:\/\/www.laboratoires-unisson.com\/fr-be#\/schema\/person\/20db3ceaad3da80454aa2ccede248cc6","name":"Julien"}]}},"_links":{"self":[{"href":"https:\/\/www.laboratoires-unisson.com\/fr-be\/wp-json\/wp\/v2\/posts\/24818","targetHints":{"allow":["GET"]}}],"collection":[{"href":"https:\/\/www.laboratoires-unisson.com\/fr-be\/wp-json\/wp\/v2\/posts"}],"about":[{"href":"https:\/\/www.laboratoires-unisson.com\/fr-be\/wp-json\/wp\/v2\/types\/post"}],"author":[{"embeddable":true,"href":"https:\/\/www.laboratoires-unisson.com\/fr-be\/wp-json\/wp\/v2\/users\/10"}],"replies":[{"embeddable":true,"href":"https:\/\/www.laboratoires-unisson.com\/fr-be\/wp-json\/wp\/v2\/comments?post=24818"}],"version-history":[{"count":4,"href":"https:\/\/www.laboratoires-unisson.com\/fr-be\/wp-json\/wp\/v2\/posts\/24818\/revisions"}],"predecessor-version":[{"id":29549,"href":"https:\/\/www.laboratoires-unisson.com\/fr-be\/wp-json\/wp\/v2\/posts\/24818\/revisions\/29549"}],"wp:featuredmedia":[{"embeddable":true,"href":"https:\/\/www.laboratoires-unisson.com\/fr-be\/wp-json\/wp\/v2\/media\/19784"}],"wp:attachment":[{"href":"https:\/\/www.laboratoires-unisson.com\/fr-be\/wp-json\/wp\/v2\/media?parent=24818"}],"wp:term":[{"taxonomy":"category","embeddable":true,"href":"https:\/\/www.laboratoires-unisson.com\/fr-be\/wp-json\/wp\/v2\/categories?post=24818"},{"taxonomy":"post_tag","embeddable":true,"href":"https:\/\/www.laboratoires-unisson.com\/fr-be\/wp-json\/wp\/v2\/tags?post=24818"}],"curies":[{"name":"wp","href":"https:\/\/api.w.org\/{rel}","templated":true}]}}