{"id":26980,"date":"2025-02-13T11:07:33","date_gmt":"2025-02-13T10:07:33","guid":{"rendered":"https:\/\/www.laboratoires-unisson.com\/?p=26980"},"modified":"2025-02-13T11:07:47","modified_gmt":"2025-02-13T10:07:47","slug":"unisson-au-salon-des-seniors-de-paris-retrouvez-nous-au-stand-s21-2","status":"publish","type":"post","link":"https:\/\/www.laboratoires-unisson.com\/fr-be\/actualites\/unisson-au-salon-des-seniors-de-paris-retrouvez-nous-au-stand-s21-2","title":{"rendered":"Unisson au Salon des S\u00e9niors de Paris : Retrouvez-nous au stand S21 !"},"content":{"rendered":"","protected":false},"excerpt":{"rendered":"<p>Du 13 au 16 mars 2024, Unisson vous attend nombreux au Salon des S\u00e9niors. Au programme : d\u00e9pistages auditifs gratuits, rencontre avec nos talentueux experts de l\u2019audition, apprenez tout ce qu\u2019il y a \u00e0 savoir sur les appareils auditifs et leurs derni\u00e8res g\u00e9n\u00e9rations et bien plus encore\u2026 C\u2019est l&#8217;\u00e9v\u00e9nement \u00e0 ne pas manquer et tout se passera au stand S21 !<\/p>\n","protected":false},"author":1263,"featured_media":27378,"comment_status":"open","ping_status":"open","sticky":false,"template":"","format":"standard","meta":{"_acf_changed":false,"footnotes":""},"categories":[1],"tags":[],"class_list":["post-26980","post","type-post","status-publish","format-standard","has-post-thumbnail","hentry","category-non-classifiee"],"acf":[],"yoast_head":"<!-- This site is optimized with the Yoast SEO plugin v27.1.1 - https:\/\/yoast.com\/product\/yoast-seo-wordpress\/ -->\n<title>Unisson au Salon des S\u00e9niors de Paris : Retrouvez-nous au stand S21 ! - Laboratoires Unisson<\/title>\n<meta name=\"description\" content=\"Retrouvez Unisson au Salon des S\u00e9niors de Paris du 13 au 16 mars 2024, stand S21 ! D\u00e9couvrez nos d\u00e9pistages auditifs gratuits et rencontrez nos experts.\" \/>\n<meta name=\"robots\" content=\"index, follow, max-snippet:-1, max-image-preview:large, max-video-preview:-1\" \/>\n<link rel=\"canonical\" href=\"https:\/\/www.laboratoires-unisson.com\/fr-be\/wp-json\/wp\/v2\/posts\/26980\" \/>\n<meta property=\"og:locale\" content=\"fr_FR\" \/>\n<meta property=\"og:type\" content=\"article\" \/>\n<meta property=\"og:title\" content=\"Unisson au Salon des S\u00e9niors de Paris : Retrouvez-nous au stand S21 ! - Laboratoires Unisson\" \/>\n<meta property=\"og:description\" content=\"Retrouvez Unisson au Salon des S\u00e9niors de Paris du 13 au 16 mars 2024, stand S21 ! D\u00e9couvrez nos d\u00e9pistages auditifs gratuits et rencontrez nos experts.\" \/>\n<meta property=\"og:url\" content=\"https:\/\/www.laboratoires-unisson.com\/fr-be\/actualites\/unisson-au-salon-des-seniors-de-paris-retrouvez-nous-au-stand-s21-2\" \/>\n<meta property=\"og:site_name\" content=\"Laboratoires Unisson\" \/>\n<meta property=\"article:published_time\" content=\"2025-02-13T10:07:33+00:00\" \/>\n<meta property=\"article:modified_time\" content=\"2025-02-13T10:07:47+00:00\" \/>\n<meta property=\"og:image\" content=\"https:\/\/www.laboratoires-unisson.com\/wp-content\/uploads\/2025\/02\/Du-12-au-15-mars-2025-650-x-433-px-600-x-400-px-2.png\" \/>\n\t<meta property=\"og:image:width\" content=\"600\" \/>\n\t<meta property=\"og:image:height\" content=\"400\" \/>\n\t<meta property=\"og:image:type\" content=\"image\/png\" \/>\n<meta name=\"author\" content=\"Cl\u00e9mentine Lambert\" \/>\n<meta name=\"twitter:card\" content=\"summary_large_image\" \/>\n<meta name=\"twitter:label1\" content=\"Written by\" \/>\n\t<meta name=\"twitter:data1\" content=\"Cl\u00e9mentine Lambert\" \/>\n<script type=\"application\/ld+json\" class=\"yoast-schema-graph\">{\"@context\":\"https:\/\/schema.org\",\"@graph\":[{\"@type\":\"Article\",\"@id\":\"https:\/\/www.laboratoires-unisson.com\/fr-be\/actualites\/unisson-au-salon-des-seniors-de-paris-retrouvez-nous-au-stand-s21-2#article\",\"isPartOf\":{\"@id\":\"https:\/\/www.laboratoires-unisson.com\/fr-be\/actualites\/unisson-au-salon-des-seniors-de-paris-retrouvez-nous-au-stand-s21-2\"},\"author\":{\"name\":\"Cl\u00e9mentine Lambert\",\"@id\":\"https:\/\/www.laboratoires-unisson.com\/fr-be#\/schema\/person\/bf064562e976da30363b36b2cad7521d\"},\"headline\":\"Unisson au Salon des S\u00e9niors de Paris : Retrouvez-nous au stand S21 !\",\"datePublished\":\"2025-02-13T10:07:33+00:00\",\"dateModified\":\"2025-02-13T10:07:47+00:00\",\"mainEntityOfPage\":{\"@id\":\"https:\/\/www.laboratoires-unisson.com\/fr-be\/actualites\/unisson-au-salon-des-seniors-de-paris-retrouvez-nous-au-stand-s21-2\"},\"wordCount\":12,\"commentCount\":0,\"publisher\":{\"@id\":\"https:\/\/www.laboratoires-unisson.com\/fr-be#organization\"},\"image\":{\"@id\":\"https:\/\/www.laboratoires-unisson.com\/fr-be\/actualites\/unisson-au-salon-des-seniors-de-paris-retrouvez-nous-au-stand-s21-2#primaryimage\"},\"thumbnailUrl\":\"https:\/\/www.laboratoires-unisson.com\/wp-content\/uploads\/2025\/02\/Du-12-au-15-mars-2025-650-x-433-px-600-x-400-px-2.png\",\"articleSection\":[\"Non classifi\u00e9(e)\"],\"inLanguage\":\"fr-BE\",\"potentialAction\":[{\"@type\":\"CommentAction\",\"name\":\"Comment\",\"target\":[\"https:\/\/www.laboratoires-unisson.com\/fr-be\/actualites\/unisson-au-salon-des-seniors-de-paris-retrouvez-nous-au-stand-s21-2#respond\"]}]},{\"@type\":\"WebPage\",\"@id\":\"https:\/\/www.laboratoires-unisson.com\/fr-be\/actualites\/unisson-au-salon-des-seniors-de-paris-retrouvez-nous-au-stand-s21-2\",\"url\":\"https:\/\/www.laboratoires-unisson.com\/fr-be\/actualites\/unisson-au-salon-des-seniors-de-paris-retrouvez-nous-au-stand-s21-2\",\"name\":\"Unisson au Salon des S\u00e9niors de Paris : Retrouvez-nous au stand S21 ! - Laboratoires Unisson\",\"isPartOf\":{\"@id\":\"https:\/\/www.laboratoires-unisson.com\/fr-be#website\"},\"primaryImageOfPage\":{\"@id\":\"https:\/\/www.laboratoires-unisson.com\/fr-be\/actualites\/unisson-au-salon-des-seniors-de-paris-retrouvez-nous-au-stand-s21-2#primaryimage\"},\"image\":{\"@id\":\"https:\/\/www.laboratoires-unisson.com\/fr-be\/actualites\/unisson-au-salon-des-seniors-de-paris-retrouvez-nous-au-stand-s21-2#primaryimage\"},\"thumbnailUrl\":\"https:\/\/www.laboratoires-unisson.com\/wp-content\/uploads\/2025\/02\/Du-12-au-15-mars-2025-650-x-433-px-600-x-400-px-2.png\",\"datePublished\":\"2025-02-13T10:07:33+00:00\",\"dateModified\":\"2025-02-13T10:07:47+00:00\",\"description\":\"Retrouvez Unisson au Salon des S\u00e9niors de Paris du 13 au 16 mars 2024, stand S21 ! D\u00e9couvrez nos d\u00e9pistages auditifs gratuits et rencontrez nos experts.\",\"inLanguage\":\"fr-BE\",\"potentialAction\":[{\"@type\":\"ReadAction\",\"target\":[\"https:\/\/www.laboratoires-unisson.com\/fr-be\/actualites\/unisson-au-salon-des-seniors-de-paris-retrouvez-nous-au-stand-s21-2\"]}]},{\"@type\":\"ImageObject\",\"inLanguage\":\"fr-BE\",\"@id\":\"https:\/\/www.laboratoires-unisson.com\/fr-be\/actualites\/unisson-au-salon-des-seniors-de-paris-retrouvez-nous-au-stand-s21-2#primaryimage\",\"url\":\"https:\/\/www.laboratoires-unisson.com\/wp-content\/uploads\/2025\/02\/Du-12-au-15-mars-2025-650-x-433-px-600-x-400-px-2.png\",\"contentUrl\":\"https:\/\/www.laboratoires-unisson.com\/wp-content\/uploads\/2025\/02\/Du-12-au-15-mars-2025-650-x-433-px-600-x-400-px-2.png\",\"width\":600,\"height\":400},{\"@type\":\"WebSite\",\"@id\":\"https:\/\/www.laboratoires-unisson.com\/fr-be#website\",\"url\":\"https:\/\/www.laboratoires-unisson.com\/fr-be\",\"name\":\"Laboratoires Unisson\",\"description\":\"Appareil auditif et proth\u00e8se auditive Moins Cher jusqu&#039;\u00e0 -40%\",\"publisher\":{\"@id\":\"https:\/\/www.laboratoires-unisson.com\/fr-be#organization\"},\"potentialAction\":[{\"@type\":\"SearchAction\",\"target\":{\"@type\":\"EntryPoint\",\"urlTemplate\":\"https:\/\/www.laboratoires-unisson.com\/fr-be?s={search_term_string}\"},\"query-input\":{\"@type\":\"PropertyValueSpecification\",\"valueRequired\":true,\"valueName\":\"search_term_string\"}}],\"inLanguage\":\"fr-BE\"},{\"@type\":\"Organization\",\"@id\":\"https:\/\/www.laboratoires-unisson.com\/fr-be#organization\",\"name\":\"Laboratoires Unisson\",\"url\":\"https:\/\/www.laboratoires-unisson.com\/fr-be\",\"logo\":{\"@type\":\"ImageObject\",\"inLanguage\":\"fr-BE\",\"@id\":\"https:\/\/www.laboratoires-unisson.com\/fr-be#\/schema\/logo\/image\/\",\"url\":\"https:\/\/www.laboratoires-unisson.com\/wp-content\/uploads\/2022\/01\/logo-unisson.svg\",\"contentUrl\":\"https:\/\/www.laboratoires-unisson.com\/wp-content\/uploads\/2022\/01\/logo-unisson.svg\",\"width\":1,\"height\":1,\"caption\":\"Laboratoires Unisson\"},\"image\":{\"@id\":\"https:\/\/www.laboratoires-unisson.com\/fr-be#\/schema\/logo\/image\/\"}},{\"@type\":\"Person\",\"@id\":\"https:\/\/www.laboratoires-unisson.com\/fr-be#\/schema\/person\/bf064562e976da30363b36b2cad7521d\",\"name\":\"Cl\u00e9mentine Lambert\"}]}<\/script>\n<!-- \/ Yoast SEO plugin. -->","yoast_head_json":{"title":"Unisson au Salon des S\u00e9niors de Paris : Retrouvez-nous au stand S21 ! - Laboratoires Unisson","description":"Retrouvez Unisson au Salon des S\u00e9niors de Paris du 13 au 16 mars 2024, stand S21 ! D\u00e9couvrez nos d\u00e9pistages auditifs gratuits et rencontrez nos experts.","robots":{"index":"index","follow":"follow","max-snippet":"max-snippet:-1","max-image-preview":"max-image-preview:large","max-video-preview":"max-video-preview:-1"},"canonical":"https:\/\/www.laboratoires-unisson.com\/fr-be\/wp-json\/wp\/v2\/posts\/26980","og_locale":"fr_FR","og_type":"article","og_title":"Unisson au Salon des S\u00e9niors de Paris : Retrouvez-nous au stand S21 ! - Laboratoires Unisson","og_description":"Retrouvez Unisson au Salon des S\u00e9niors de Paris du 13 au 16 mars 2024, stand S21 ! D\u00e9couvrez nos d\u00e9pistages auditifs gratuits et rencontrez nos experts.","og_url":"https:\/\/www.laboratoires-unisson.com\/fr-be\/actualites\/unisson-au-salon-des-seniors-de-paris-retrouvez-nous-au-stand-s21-2","og_site_name":"Laboratoires Unisson","article_published_time":"2025-02-13T10:07:33+00:00","article_modified_time":"2025-02-13T10:07:47+00:00","og_image":[{"width":600,"height":400,"url":"https:\/\/www.laboratoires-unisson.com\/wp-content\/uploads\/2025\/02\/Du-12-au-15-mars-2025-650-x-433-px-600-x-400-px-2.png","type":"image\/png"}],"author":"Cl\u00e9mentine Lambert","twitter_card":"summary_large_image","twitter_misc":{"Written by":"Cl\u00e9mentine Lambert"},"schema":{"@context":"https:\/\/schema.org","@graph":[{"@type":"Article","@id":"https:\/\/www.laboratoires-unisson.com\/fr-be\/actualites\/unisson-au-salon-des-seniors-de-paris-retrouvez-nous-au-stand-s21-2#article","isPartOf":{"@id":"https:\/\/www.laboratoires-unisson.com\/fr-be\/actualites\/unisson-au-salon-des-seniors-de-paris-retrouvez-nous-au-stand-s21-2"},"author":{"name":"Cl\u00e9mentine Lambert","@id":"https:\/\/www.laboratoires-unisson.com\/fr-be#\/schema\/person\/bf064562e976da30363b36b2cad7521d"},"headline":"Unisson au Salon des S\u00e9niors de Paris : Retrouvez-nous au stand S21 !","datePublished":"2025-02-13T10:07:33+00:00","dateModified":"2025-02-13T10:07:47+00:00","mainEntityOfPage":{"@id":"https:\/\/www.laboratoires-unisson.com\/fr-be\/actualites\/unisson-au-salon-des-seniors-de-paris-retrouvez-nous-au-stand-s21-2"},"wordCount":12,"commentCount":0,"publisher":{"@id":"https:\/\/www.laboratoires-unisson.com\/fr-be#organization"},"image":{"@id":"https:\/\/www.laboratoires-unisson.com\/fr-be\/actualites\/unisson-au-salon-des-seniors-de-paris-retrouvez-nous-au-stand-s21-2#primaryimage"},"thumbnailUrl":"https:\/\/www.laboratoires-unisson.com\/wp-content\/uploads\/2025\/02\/Du-12-au-15-mars-2025-650-x-433-px-600-x-400-px-2.png","articleSection":["Non classifi\u00e9(e)"],"inLanguage":"fr-BE","potentialAction":[{"@type":"CommentAction","name":"Comment","target":["https:\/\/www.laboratoires-unisson.com\/fr-be\/actualites\/unisson-au-salon-des-seniors-de-paris-retrouvez-nous-au-stand-s21-2#respond"]}]},{"@type":"WebPage","@id":"https:\/\/www.laboratoires-unisson.com\/fr-be\/actualites\/unisson-au-salon-des-seniors-de-paris-retrouvez-nous-au-stand-s21-2","url":"https:\/\/www.laboratoires-unisson.com\/fr-be\/actualites\/unisson-au-salon-des-seniors-de-paris-retrouvez-nous-au-stand-s21-2","name":"Unisson au Salon des S\u00e9niors de Paris : Retrouvez-nous au stand S21 ! - Laboratoires Unisson","isPartOf":{"@id":"https:\/\/www.laboratoires-unisson.com\/fr-be#website"},"primaryImageOfPage":{"@id":"https:\/\/www.laboratoires-unisson.com\/fr-be\/actualites\/unisson-au-salon-des-seniors-de-paris-retrouvez-nous-au-stand-s21-2#primaryimage"},"image":{"@id":"https:\/\/www.laboratoires-unisson.com\/fr-be\/actualites\/unisson-au-salon-des-seniors-de-paris-retrouvez-nous-au-stand-s21-2#primaryimage"},"thumbnailUrl":"https:\/\/www.laboratoires-unisson.com\/wp-content\/uploads\/2025\/02\/Du-12-au-15-mars-2025-650-x-433-px-600-x-400-px-2.png","datePublished":"2025-02-13T10:07:33+00:00","dateModified":"2025-02-13T10:07:47+00:00","description":"Retrouvez Unisson au Salon des S\u00e9niors de Paris du 13 au 16 mars 2024, stand S21 ! D\u00e9couvrez nos d\u00e9pistages auditifs gratuits et rencontrez nos experts.","inLanguage":"fr-BE","potentialAction":[{"@type":"ReadAction","target":["https:\/\/www.laboratoires-unisson.com\/fr-be\/actualites\/unisson-au-salon-des-seniors-de-paris-retrouvez-nous-au-stand-s21-2"]}]},{"@type":"ImageObject","inLanguage":"fr-BE","@id":"https:\/\/www.laboratoires-unisson.com\/fr-be\/actualites\/unisson-au-salon-des-seniors-de-paris-retrouvez-nous-au-stand-s21-2#primaryimage","url":"https:\/\/www.laboratoires-unisson.com\/wp-content\/uploads\/2025\/02\/Du-12-au-15-mars-2025-650-x-433-px-600-x-400-px-2.png","contentUrl":"https:\/\/www.laboratoires-unisson.com\/wp-content\/uploads\/2025\/02\/Du-12-au-15-mars-2025-650-x-433-px-600-x-400-px-2.png","width":600,"height":400},{"@type":"WebSite","@id":"https:\/\/www.laboratoires-unisson.com\/fr-be#website","url":"https:\/\/www.laboratoires-unisson.com\/fr-be","name":"Laboratoires Unisson","description":"Appareil auditif et proth\u00e8se auditive Moins Cher jusqu&#039;\u00e0 -40%","publisher":{"@id":"https:\/\/www.laboratoires-unisson.com\/fr-be#organization"},"potentialAction":[{"@type":"SearchAction","target":{"@type":"EntryPoint","urlTemplate":"https:\/\/www.laboratoires-unisson.com\/fr-be?s={search_term_string}"},"query-input":{"@type":"PropertyValueSpecification","valueRequired":true,"valueName":"search_term_string"}}],"inLanguage":"fr-BE"},{"@type":"Organization","@id":"https:\/\/www.laboratoires-unisson.com\/fr-be#organization","name":"Laboratoires Unisson","url":"https:\/\/www.laboratoires-unisson.com\/fr-be","logo":{"@type":"ImageObject","inLanguage":"fr-BE","@id":"https:\/\/www.laboratoires-unisson.com\/fr-be#\/schema\/logo\/image\/","url":"https:\/\/www.laboratoires-unisson.com\/wp-content\/uploads\/2022\/01\/logo-unisson.svg","contentUrl":"https:\/\/www.laboratoires-unisson.com\/wp-content\/uploads\/2022\/01\/logo-unisson.svg","width":1,"height":1,"caption":"Laboratoires Unisson"},"image":{"@id":"https:\/\/www.laboratoires-unisson.com\/fr-be#\/schema\/logo\/image\/"}},{"@type":"Person","@id":"https:\/\/www.laboratoires-unisson.com\/fr-be#\/schema\/person\/bf064562e976da30363b36b2cad7521d","name":"Cl\u00e9mentine Lambert"}]}},"_links":{"self":[{"href":"https:\/\/www.laboratoires-unisson.com\/fr-be\/wp-json\/wp\/v2\/posts\/26980","targetHints":{"allow":["GET"]}}],"collection":[{"href":"https:\/\/www.laboratoires-unisson.com\/fr-be\/wp-json\/wp\/v2\/posts"}],"about":[{"href":"https:\/\/www.laboratoires-unisson.com\/fr-be\/wp-json\/wp\/v2\/types\/post"}],"author":[{"embeddable":true,"href":"https:\/\/www.laboratoires-unisson.com\/fr-be\/wp-json\/wp\/v2\/users\/1263"}],"replies":[{"embeddable":true,"href":"https:\/\/www.laboratoires-unisson.com\/fr-be\/wp-json\/wp\/v2\/comments?post=26980"}],"version-history":[{"count":1,"href":"https:\/\/www.laboratoires-unisson.com\/fr-be\/wp-json\/wp\/v2\/posts\/26980\/revisions"}],"predecessor-version":[{"id":27391,"href":"https:\/\/www.laboratoires-unisson.com\/fr-be\/wp-json\/wp\/v2\/posts\/26980\/revisions\/27391"}],"wp:featuredmedia":[{"embeddable":true,"href":"https:\/\/www.laboratoires-unisson.com\/fr-be\/wp-json\/wp\/v2\/media\/27378"}],"wp:attachment":[{"href":"https:\/\/www.laboratoires-unisson.com\/fr-be\/wp-json\/wp\/v2\/media?parent=26980"}],"wp:term":[{"taxonomy":"category","embeddable":true,"href":"https:\/\/www.laboratoires-unisson.com\/fr-be\/wp-json\/wp\/v2\/categories?post=26980"},{"taxonomy":"post_tag","embeddable":true,"href":"https:\/\/www.laboratoires-unisson.com\/fr-be\/wp-json\/wp\/v2\/tags?post=26980"}],"curies":[{"name":"wp","href":"https:\/\/api.w.org\/{rel}","templated":true}]}}