{"id":31480,"date":"2025-11-19T17:24:24","date_gmt":"2025-11-19T16:24:24","guid":{"rendered":"https:\/\/www.laboratoires-unisson.com\/?p=31480"},"modified":"2026-01-22T11:15:34","modified_gmt":"2026-01-22T10:15:34","slug":"le-bilan-auditif-letape-cle-vers-votre-confort-decoute","status":"publish","type":"post","link":"https:\/\/www.laboratoires-unisson.com\/fr-be\/actualites\/le-bilan-auditif-letape-cle-vers-votre-confort-decoute","title":{"rendered":"Le bilan auditif : L&#8217;\u00e9tape cl\u00e9 vers votre confort d&#8217;\u00e9coute"},"content":{"rendered":"","protected":false},"excerpt":{"rendered":"<p>Vous souhaitez \u00e9valuer votre audition et peut-\u00eatre franchir le pas de l&#8217;appareillage ? Le bilan auditif est la premi\u00e8re \u00e9tape indispensable. Chez Unisson, nous en avons fait une exp\u00e9rience personnalis\u00e9e et compl\u00e8te, centr\u00e9e sur vos besoins. Regardez notre derni\u00e8re vid\u00e9o pour tout savoir sur ce rendez-vous essentiel, et lisez notre guide d\u00e9taill\u00e9 ci-dessous.<\/p>\n","protected":false},"author":1596,"featured_media":31499,"comment_status":"closed","ping_status":"closed","sticky":false,"template":"","format":"standard","meta":{"_acf_changed":false,"footnotes":""},"categories":[1],"tags":[],"class_list":["post-31480","post","type-post","status-publish","format-standard","has-post-thumbnail","hentry","category-non-classifiee"],"acf":[],"yoast_head":"<!-- This site is optimized with the Yoast SEO plugin v27.1.1 - https:\/\/yoast.com\/product\/yoast-seo-wordpress\/ -->\n<title>D\u00e9couvrez comment se d\u00e9roule un bilan auditif chez Unisson<\/title>\n<meta name=\"description\" content=\"Regardez notre vid\u00e9o exclusive et d\u00e9couvrez les \u00e9tapes d\u2019un bilan auditif gratuit chez Unisson. Nos experts vous accompagnent \u00e9tape par \u00e9tape\" \/>\n<meta name=\"robots\" content=\"index, follow, max-snippet:-1, max-image-preview:large, max-video-preview:-1\" \/>\n<link rel=\"canonical\" href=\"https:\/\/www.laboratoires-unisson.com\/fr-be\/wp-json\/wp\/v2\/posts\/31480\" \/>\n<meta property=\"og:locale\" content=\"fr_FR\" \/>\n<meta property=\"og:type\" content=\"article\" \/>\n<meta property=\"og:title\" content=\"D\u00e9couvrez comment se d\u00e9roule un bilan auditif chez Unisson\" \/>\n<meta property=\"og:description\" content=\"Regardez notre vid\u00e9o exclusive et d\u00e9couvrez les \u00e9tapes d\u2019un bilan auditif gratuit chez Unisson. Nos experts vous accompagnent \u00e9tape par \u00e9tape\" \/>\n<meta property=\"og:url\" content=\"https:\/\/www.laboratoires-unisson.com\/fr-be\/actualites\/le-bilan-auditif-letape-cle-vers-votre-confort-decoute\" \/>\n<meta property=\"og:site_name\" content=\"Laboratoires Unisson\" \/>\n<meta property=\"article:published_time\" content=\"2025-11-19T16:24:24+00:00\" \/>\n<meta property=\"article:modified_time\" content=\"2026-01-22T10:15:34+00:00\" \/>\n<meta property=\"og:image\" content=\"https:\/\/www.laboratoires-unisson.com\/wp-content\/uploads\/2025\/11\/bilan-auditif-audioprothesiste-Unisson-1.jpg\" \/>\n\t<meta property=\"og:image:width\" content=\"1080\" \/>\n\t<meta property=\"og:image:height\" content=\"734\" \/>\n\t<meta property=\"og:image:type\" content=\"image\/jpeg\" \/>\n<meta name=\"author\" content=\"T\u00e9o Delorme\" \/>\n<meta name=\"twitter:card\" content=\"summary_large_image\" \/>\n<meta name=\"twitter:label1\" content=\"Written by\" \/>\n\t<meta name=\"twitter:data1\" content=\"T\u00e9o Delorme\" \/>\n\t<meta name=\"twitter:label2\" content=\"Est. reading time\" \/>\n\t<meta name=\"twitter:data2\" content=\"1 minute\" \/>\n<script type=\"application\/ld+json\" class=\"yoast-schema-graph\">{\"@context\":\"https:\/\/schema.org\",\"@graph\":[{\"@type\":\"Article\",\"@id\":\"https:\/\/www.laboratoires-unisson.com\/fr-be\/actualites\/le-bilan-auditif-letape-cle-vers-votre-confort-decoute#article\",\"isPartOf\":{\"@id\":\"https:\/\/www.laboratoires-unisson.com\/fr-be\/actualites\/le-bilan-auditif-letape-cle-vers-votre-confort-decoute\"},\"author\":{\"name\":\"T\u00e9o Delorme\",\"@id\":\"https:\/\/www.laboratoires-unisson.com\/fr-be#\/schema\/person\/1afe8f8cbf352378931ed50ec2c345d9\"},\"headline\":\"Le bilan auditif : L&#8217;\u00e9tape cl\u00e9 vers votre confort d&#8217;\u00e9coute\",\"datePublished\":\"2025-11-19T16:24:24+00:00\",\"dateModified\":\"2026-01-22T10:15:34+00:00\",\"mainEntityOfPage\":{\"@id\":\"https:\/\/www.laboratoires-unisson.com\/fr-be\/actualites\/le-bilan-auditif-letape-cle-vers-votre-confort-decoute\"},\"wordCount\":11,\"publisher\":{\"@id\":\"https:\/\/www.laboratoires-unisson.com\/fr-be#organization\"},\"image\":{\"@id\":\"https:\/\/www.laboratoires-unisson.com\/fr-be\/actualites\/le-bilan-auditif-letape-cle-vers-votre-confort-decoute#primaryimage\"},\"thumbnailUrl\":\"https:\/\/www.laboratoires-unisson.com\/wp-content\/uploads\/2025\/11\/bilan-auditif-audioprothesiste-Unisson-1.jpg\",\"articleSection\":[\"Non classifi\u00e9(e)\"],\"inLanguage\":\"fr-BE\"},{\"@type\":\"WebPage\",\"@id\":\"https:\/\/www.laboratoires-unisson.com\/fr-be\/actualites\/le-bilan-auditif-letape-cle-vers-votre-confort-decoute\",\"url\":\"https:\/\/www.laboratoires-unisson.com\/fr-be\/actualites\/le-bilan-auditif-letape-cle-vers-votre-confort-decoute\",\"name\":\"D\u00e9couvrez comment se d\u00e9roule un bilan auditif chez Unisson\",\"isPartOf\":{\"@id\":\"https:\/\/www.laboratoires-unisson.com\/fr-be#website\"},\"primaryImageOfPage\":{\"@id\":\"https:\/\/www.laboratoires-unisson.com\/fr-be\/actualites\/le-bilan-auditif-letape-cle-vers-votre-confort-decoute#primaryimage\"},\"image\":{\"@id\":\"https:\/\/www.laboratoires-unisson.com\/fr-be\/actualites\/le-bilan-auditif-letape-cle-vers-votre-confort-decoute#primaryimage\"},\"thumbnailUrl\":\"https:\/\/www.laboratoires-unisson.com\/wp-content\/uploads\/2025\/11\/bilan-auditif-audioprothesiste-Unisson-1.jpg\",\"datePublished\":\"2025-11-19T16:24:24+00:00\",\"dateModified\":\"2026-01-22T10:15:34+00:00\",\"description\":\"Regardez notre vid\u00e9o exclusive et d\u00e9couvrez les \u00e9tapes d\u2019un bilan auditif gratuit chez Unisson. Nos experts vous accompagnent \u00e9tape par \u00e9tape\",\"inLanguage\":\"fr-BE\",\"potentialAction\":[{\"@type\":\"ReadAction\",\"target\":[\"https:\/\/www.laboratoires-unisson.com\/fr-be\/actualites\/le-bilan-auditif-letape-cle-vers-votre-confort-decoute\"]}]},{\"@type\":\"ImageObject\",\"inLanguage\":\"fr-BE\",\"@id\":\"https:\/\/www.laboratoires-unisson.com\/fr-be\/actualites\/le-bilan-auditif-letape-cle-vers-votre-confort-decoute#primaryimage\",\"url\":\"https:\/\/www.laboratoires-unisson.com\/wp-content\/uploads\/2025\/11\/bilan-auditif-audioprothesiste-Unisson-1.jpg\",\"contentUrl\":\"https:\/\/www.laboratoires-unisson.com\/wp-content\/uploads\/2025\/11\/bilan-auditif-audioprothesiste-Unisson-1.jpg\",\"width\":1080,\"height\":734,\"caption\":\"bilan auditif audioprothesiste Unisson\"},{\"@type\":\"WebSite\",\"@id\":\"https:\/\/www.laboratoires-unisson.com\/fr-be#website\",\"url\":\"https:\/\/www.laboratoires-unisson.com\/fr-be\",\"name\":\"Laboratoires Unisson\",\"description\":\"Appareil auditif et proth\u00e8se auditive Moins Cher jusqu&#039;\u00e0 -40%\",\"publisher\":{\"@id\":\"https:\/\/www.laboratoires-unisson.com\/fr-be#organization\"},\"potentialAction\":[{\"@type\":\"SearchAction\",\"target\":{\"@type\":\"EntryPoint\",\"urlTemplate\":\"https:\/\/www.laboratoires-unisson.com\/fr-be?s={search_term_string}\"},\"query-input\":{\"@type\":\"PropertyValueSpecification\",\"valueRequired\":true,\"valueName\":\"search_term_string\"}}],\"inLanguage\":\"fr-BE\"},{\"@type\":\"Organization\",\"@id\":\"https:\/\/www.laboratoires-unisson.com\/fr-be#organization\",\"name\":\"Laboratoires Unisson\",\"url\":\"https:\/\/www.laboratoires-unisson.com\/fr-be\",\"logo\":{\"@type\":\"ImageObject\",\"inLanguage\":\"fr-BE\",\"@id\":\"https:\/\/www.laboratoires-unisson.com\/fr-be#\/schema\/logo\/image\/\",\"url\":\"https:\/\/www.laboratoires-unisson.com\/wp-content\/uploads\/2022\/01\/logo-unisson.svg\",\"contentUrl\":\"https:\/\/www.laboratoires-unisson.com\/wp-content\/uploads\/2022\/01\/logo-unisson.svg\",\"width\":1,\"height\":1,\"caption\":\"Laboratoires Unisson\"},\"image\":{\"@id\":\"https:\/\/www.laboratoires-unisson.com\/fr-be#\/schema\/logo\/image\/\"}},{\"@type\":\"Person\",\"@id\":\"https:\/\/www.laboratoires-unisson.com\/fr-be#\/schema\/person\/1afe8f8cbf352378931ed50ec2c345d9\",\"name\":\"T\u00e9o Delorme\",\"sameAs\":[\"https:\/\/www.linkedin.com\/in\/teo-delorme-473780293\/\"]}]}<\/script>\n<!-- \/ Yoast SEO plugin. -->","yoast_head_json":{"title":"D\u00e9couvrez comment se d\u00e9roule un bilan auditif chez Unisson","description":"Regardez notre vid\u00e9o exclusive et d\u00e9couvrez les \u00e9tapes d\u2019un bilan auditif gratuit chez Unisson. Nos experts vous accompagnent \u00e9tape par \u00e9tape","robots":{"index":"index","follow":"follow","max-snippet":"max-snippet:-1","max-image-preview":"max-image-preview:large","max-video-preview":"max-video-preview:-1"},"canonical":"https:\/\/www.laboratoires-unisson.com\/fr-be\/wp-json\/wp\/v2\/posts\/31480","og_locale":"fr_FR","og_type":"article","og_title":"D\u00e9couvrez comment se d\u00e9roule un bilan auditif chez Unisson","og_description":"Regardez notre vid\u00e9o exclusive et d\u00e9couvrez les \u00e9tapes d\u2019un bilan auditif gratuit chez Unisson. Nos experts vous accompagnent \u00e9tape par \u00e9tape","og_url":"https:\/\/www.laboratoires-unisson.com\/fr-be\/actualites\/le-bilan-auditif-letape-cle-vers-votre-confort-decoute","og_site_name":"Laboratoires Unisson","article_published_time":"2025-11-19T16:24:24+00:00","article_modified_time":"2026-01-22T10:15:34+00:00","og_image":[{"width":1080,"height":734,"url":"https:\/\/www.laboratoires-unisson.com\/wp-content\/uploads\/2025\/11\/bilan-auditif-audioprothesiste-Unisson-1.jpg","type":"image\/jpeg"}],"author":"T\u00e9o Delorme","twitter_card":"summary_large_image","twitter_misc":{"Written by":"T\u00e9o Delorme","Est. reading time":"1 minute"},"schema":{"@context":"https:\/\/schema.org","@graph":[{"@type":"Article","@id":"https:\/\/www.laboratoires-unisson.com\/fr-be\/actualites\/le-bilan-auditif-letape-cle-vers-votre-confort-decoute#article","isPartOf":{"@id":"https:\/\/www.laboratoires-unisson.com\/fr-be\/actualites\/le-bilan-auditif-letape-cle-vers-votre-confort-decoute"},"author":{"name":"T\u00e9o Delorme","@id":"https:\/\/www.laboratoires-unisson.com\/fr-be#\/schema\/person\/1afe8f8cbf352378931ed50ec2c345d9"},"headline":"Le bilan auditif : L&#8217;\u00e9tape cl\u00e9 vers votre confort d&#8217;\u00e9coute","datePublished":"2025-11-19T16:24:24+00:00","dateModified":"2026-01-22T10:15:34+00:00","mainEntityOfPage":{"@id":"https:\/\/www.laboratoires-unisson.com\/fr-be\/actualites\/le-bilan-auditif-letape-cle-vers-votre-confort-decoute"},"wordCount":11,"publisher":{"@id":"https:\/\/www.laboratoires-unisson.com\/fr-be#organization"},"image":{"@id":"https:\/\/www.laboratoires-unisson.com\/fr-be\/actualites\/le-bilan-auditif-letape-cle-vers-votre-confort-decoute#primaryimage"},"thumbnailUrl":"https:\/\/www.laboratoires-unisson.com\/wp-content\/uploads\/2025\/11\/bilan-auditif-audioprothesiste-Unisson-1.jpg","articleSection":["Non classifi\u00e9(e)"],"inLanguage":"fr-BE"},{"@type":"WebPage","@id":"https:\/\/www.laboratoires-unisson.com\/fr-be\/actualites\/le-bilan-auditif-letape-cle-vers-votre-confort-decoute","url":"https:\/\/www.laboratoires-unisson.com\/fr-be\/actualites\/le-bilan-auditif-letape-cle-vers-votre-confort-decoute","name":"D\u00e9couvrez comment se d\u00e9roule un bilan auditif chez Unisson","isPartOf":{"@id":"https:\/\/www.laboratoires-unisson.com\/fr-be#website"},"primaryImageOfPage":{"@id":"https:\/\/www.laboratoires-unisson.com\/fr-be\/actualites\/le-bilan-auditif-letape-cle-vers-votre-confort-decoute#primaryimage"},"image":{"@id":"https:\/\/www.laboratoires-unisson.com\/fr-be\/actualites\/le-bilan-auditif-letape-cle-vers-votre-confort-decoute#primaryimage"},"thumbnailUrl":"https:\/\/www.laboratoires-unisson.com\/wp-content\/uploads\/2025\/11\/bilan-auditif-audioprothesiste-Unisson-1.jpg","datePublished":"2025-11-19T16:24:24+00:00","dateModified":"2026-01-22T10:15:34+00:00","description":"Regardez notre vid\u00e9o exclusive et d\u00e9couvrez les \u00e9tapes d\u2019un bilan auditif gratuit chez Unisson. Nos experts vous accompagnent \u00e9tape par \u00e9tape","inLanguage":"fr-BE","potentialAction":[{"@type":"ReadAction","target":["https:\/\/www.laboratoires-unisson.com\/fr-be\/actualites\/le-bilan-auditif-letape-cle-vers-votre-confort-decoute"]}]},{"@type":"ImageObject","inLanguage":"fr-BE","@id":"https:\/\/www.laboratoires-unisson.com\/fr-be\/actualites\/le-bilan-auditif-letape-cle-vers-votre-confort-decoute#primaryimage","url":"https:\/\/www.laboratoires-unisson.com\/wp-content\/uploads\/2025\/11\/bilan-auditif-audioprothesiste-Unisson-1.jpg","contentUrl":"https:\/\/www.laboratoires-unisson.com\/wp-content\/uploads\/2025\/11\/bilan-auditif-audioprothesiste-Unisson-1.jpg","width":1080,"height":734,"caption":"bilan auditif audioprothesiste Unisson"},{"@type":"WebSite","@id":"https:\/\/www.laboratoires-unisson.com\/fr-be#website","url":"https:\/\/www.laboratoires-unisson.com\/fr-be","name":"Laboratoires Unisson","description":"Appareil auditif et proth\u00e8se auditive Moins Cher jusqu&#039;\u00e0 -40%","publisher":{"@id":"https:\/\/www.laboratoires-unisson.com\/fr-be#organization"},"potentialAction":[{"@type":"SearchAction","target":{"@type":"EntryPoint","urlTemplate":"https:\/\/www.laboratoires-unisson.com\/fr-be?s={search_term_string}"},"query-input":{"@type":"PropertyValueSpecification","valueRequired":true,"valueName":"search_term_string"}}],"inLanguage":"fr-BE"},{"@type":"Organization","@id":"https:\/\/www.laboratoires-unisson.com\/fr-be#organization","name":"Laboratoires Unisson","url":"https:\/\/www.laboratoires-unisson.com\/fr-be","logo":{"@type":"ImageObject","inLanguage":"fr-BE","@id":"https:\/\/www.laboratoires-unisson.com\/fr-be#\/schema\/logo\/image\/","url":"https:\/\/www.laboratoires-unisson.com\/wp-content\/uploads\/2022\/01\/logo-unisson.svg","contentUrl":"https:\/\/www.laboratoires-unisson.com\/wp-content\/uploads\/2022\/01\/logo-unisson.svg","width":1,"height":1,"caption":"Laboratoires Unisson"},"image":{"@id":"https:\/\/www.laboratoires-unisson.com\/fr-be#\/schema\/logo\/image\/"}},{"@type":"Person","@id":"https:\/\/www.laboratoires-unisson.com\/fr-be#\/schema\/person\/1afe8f8cbf352378931ed50ec2c345d9","name":"T\u00e9o Delorme","sameAs":["https:\/\/www.linkedin.com\/in\/teo-delorme-473780293\/"]}]}},"_links":{"self":[{"href":"https:\/\/www.laboratoires-unisson.com\/fr-be\/wp-json\/wp\/v2\/posts\/31480","targetHints":{"allow":["GET"]}}],"collection":[{"href":"https:\/\/www.laboratoires-unisson.com\/fr-be\/wp-json\/wp\/v2\/posts"}],"about":[{"href":"https:\/\/www.laboratoires-unisson.com\/fr-be\/wp-json\/wp\/v2\/types\/post"}],"author":[{"embeddable":true,"href":"https:\/\/www.laboratoires-unisson.com\/fr-be\/wp-json\/wp\/v2\/users\/1596"}],"replies":[{"embeddable":true,"href":"https:\/\/www.laboratoires-unisson.com\/fr-be\/wp-json\/wp\/v2\/comments?post=31480"}],"version-history":[{"count":3,"href":"https:\/\/www.laboratoires-unisson.com\/fr-be\/wp-json\/wp\/v2\/posts\/31480\/revisions"}],"predecessor-version":[{"id":32297,"href":"https:\/\/www.laboratoires-unisson.com\/fr-be\/wp-json\/wp\/v2\/posts\/31480\/revisions\/32297"}],"wp:featuredmedia":[{"embeddable":true,"href":"https:\/\/www.laboratoires-unisson.com\/fr-be\/wp-json\/wp\/v2\/media\/31499"}],"wp:attachment":[{"href":"https:\/\/www.laboratoires-unisson.com\/fr-be\/wp-json\/wp\/v2\/media?parent=31480"}],"wp:term":[{"taxonomy":"category","embeddable":true,"href":"https:\/\/www.laboratoires-unisson.com\/fr-be\/wp-json\/wp\/v2\/categories?post=31480"},{"taxonomy":"post_tag","embeddable":true,"href":"https:\/\/www.laboratoires-unisson.com\/fr-be\/wp-json\/wp\/v2\/tags?post=31480"}],"curies":[{"name":"wp","href":"https:\/\/api.w.org\/{rel}","templated":true}]}}