{"id":32361,"date":"2026-01-28T16:48:08","date_gmt":"2026-01-28T15:48:08","guid":{"rendered":"https:\/\/www.laboratoires-unisson.com\/?p=32361"},"modified":"2026-01-28T16:48:08","modified_gmt":"2026-01-28T15:48:08","slug":"nos-audioprothesistes-unisson-belgique-etaient-present-aux-assises-face-et-cou","status":"publish","type":"post","link":"https:\/\/www.laboratoires-unisson.com\/fr-be\/actualites\/nos-audioprothesistes-unisson-belgique-etaient-present-aux-assises-face-et-cou","title":{"rendered":"Nos audioproth\u00e9sistes Unisson Belgique \u00e9taient pr\u00e9sent aux Assises Face et Cou"},"content":{"rendered":"","protected":false},"excerpt":{"rendered":"<p>En participant \u00e0 ce rassemblement majeur de la sph\u00e8re ORL, Unisson Belgique confirme son engagement pour une formation continue rigoureuse et le partage d&#8217;exp\u00e9rience, garantissant ainsi le meilleur suivi \u00e0 chacun de nos patients.<\/p>\n","protected":false},"author":1596,"featured_media":32354,"comment_status":"open","ping_status":"open","sticky":false,"template":"","format":"standard","meta":{"_acf_changed":false,"footnotes":""},"categories":[1],"tags":[],"class_list":["post-32361","post","type-post","status-publish","format-standard","has-post-thumbnail","hentry","category-non-classifiee"],"acf":[],"yoast_head":"<!-- This site is optimized with the Yoast SEO plugin v27.1.1 - https:\/\/yoast.com\/product\/yoast-seo-wordpress\/ -->\n<title>Assises Face et Cou : Unisson Belgique \u00e0 la pointe du savoir-faire ORL<\/title>\n<meta name=\"description\" content=\"Nos collaborateurs Unisson Belgique \u00e9taient pr\u00e9sents aux Assises Face et Cou de Cannes. Un investissement continu pour un service audioproth\u00e9tique toujours plus qualitatif et centr\u00e9 sur le patient.\" \/>\n<meta name=\"robots\" content=\"index, follow, max-snippet:-1, max-image-preview:large, max-video-preview:-1\" \/>\n<link rel=\"canonical\" href=\"https:\/\/www.laboratoires-unisson.com\/fr-be\/wp-json\/wp\/v2\/posts\/32361\" \/>\n<meta property=\"og:locale\" content=\"fr_FR\" \/>\n<meta property=\"og:type\" content=\"article\" \/>\n<meta property=\"og:title\" content=\"Assises Face et Cou : Unisson Belgique \u00e0 la pointe du savoir-faire ORL\" \/>\n<meta property=\"og:description\" content=\"Nos collaborateurs Unisson Belgique \u00e9taient pr\u00e9sents aux Assises Face et Cou de Cannes. Un investissement continu pour un service audioproth\u00e9tique toujours plus qualitatif et centr\u00e9 sur le patient.\" \/>\n<meta property=\"og:url\" content=\"https:\/\/www.laboratoires-unisson.com\/fr-be\/actualites\/nos-audioprothesistes-unisson-belgique-etaient-present-aux-assises-face-et-cou\" \/>\n<meta property=\"og:site_name\" content=\"Laboratoires Unisson\" \/>\n<meta property=\"article:published_time\" content=\"2026-01-28T15:48:08+00:00\" \/>\n<meta property=\"og:image\" content=\"https:\/\/www.laboratoires-unisson.com\/wp-content\/uploads\/2026\/01\/Assises-Face-et-Cou.png\" \/>\n\t<meta property=\"og:image:width\" content=\"390\" \/>\n\t<meta property=\"og:image:height\" content=\"260\" \/>\n\t<meta property=\"og:image:type\" content=\"image\/png\" \/>\n<meta name=\"author\" content=\"T\u00e9o Delorme\" \/>\n<meta name=\"twitter:card\" content=\"summary_large_image\" \/>\n<meta name=\"twitter:label1\" content=\"Written by\" \/>\n\t<meta name=\"twitter:data1\" content=\"T\u00e9o Delorme\" \/>\n\t<meta name=\"twitter:label2\" content=\"Est. reading time\" \/>\n\t<meta name=\"twitter:data2\" content=\"1 minute\" \/>\n<script type=\"application\/ld+json\" class=\"yoast-schema-graph\">{\"@context\":\"https:\/\/schema.org\",\"@graph\":[{\"@type\":\"Article\",\"@id\":\"https:\/\/www.laboratoires-unisson.com\/fr-be\/actualites\/nos-audioprothesistes-unisson-belgique-etaient-present-aux-assises-face-et-cou#article\",\"isPartOf\":{\"@id\":\"https:\/\/www.laboratoires-unisson.com\/fr-be\/actualites\/nos-audioprothesistes-unisson-belgique-etaient-present-aux-assises-face-et-cou\"},\"author\":{\"name\":\"T\u00e9o Delorme\",\"@id\":\"https:\/\/www.laboratoires-unisson.com\/fr-be#\/schema\/person\/1afe8f8cbf352378931ed50ec2c345d9\"},\"headline\":\"Nos audioproth\u00e9sistes Unisson Belgique \u00e9taient pr\u00e9sent aux Assises Face et Cou\",\"datePublished\":\"2026-01-28T15:48:08+00:00\",\"mainEntityOfPage\":{\"@id\":\"https:\/\/www.laboratoires-unisson.com\/fr-be\/actualites\/nos-audioprothesistes-unisson-belgique-etaient-present-aux-assises-face-et-cou\"},\"wordCount\":13,\"commentCount\":0,\"publisher\":{\"@id\":\"https:\/\/www.laboratoires-unisson.com\/fr-be#organization\"},\"image\":{\"@id\":\"https:\/\/www.laboratoires-unisson.com\/fr-be\/actualites\/nos-audioprothesistes-unisson-belgique-etaient-present-aux-assises-face-et-cou#primaryimage\"},\"thumbnailUrl\":\"https:\/\/www.laboratoires-unisson.com\/wp-content\/uploads\/2026\/01\/Assises-Face-et-Cou.png\",\"articleSection\":[\"Non classifi\u00e9(e)\"],\"inLanguage\":\"fr-BE\",\"potentialAction\":[{\"@type\":\"CommentAction\",\"name\":\"Comment\",\"target\":[\"https:\/\/www.laboratoires-unisson.com\/fr-be\/actualites\/nos-audioprothesistes-unisson-belgique-etaient-present-aux-assises-face-et-cou#respond\"]}]},{\"@type\":\"WebPage\",\"@id\":\"https:\/\/www.laboratoires-unisson.com\/fr-be\/actualites\/nos-audioprothesistes-unisson-belgique-etaient-present-aux-assises-face-et-cou\",\"url\":\"https:\/\/www.laboratoires-unisson.com\/fr-be\/actualites\/nos-audioprothesistes-unisson-belgique-etaient-present-aux-assises-face-et-cou\",\"name\":\"Assises Face et Cou : Unisson Belgique \u00e0 la pointe du savoir-faire ORL\",\"isPartOf\":{\"@id\":\"https:\/\/www.laboratoires-unisson.com\/fr-be#website\"},\"primaryImageOfPage\":{\"@id\":\"https:\/\/www.laboratoires-unisson.com\/fr-be\/actualites\/nos-audioprothesistes-unisson-belgique-etaient-present-aux-assises-face-et-cou#primaryimage\"},\"image\":{\"@id\":\"https:\/\/www.laboratoires-unisson.com\/fr-be\/actualites\/nos-audioprothesistes-unisson-belgique-etaient-present-aux-assises-face-et-cou#primaryimage\"},\"thumbnailUrl\":\"https:\/\/www.laboratoires-unisson.com\/wp-content\/uploads\/2026\/01\/Assises-Face-et-Cou.png\",\"datePublished\":\"2026-01-28T15:48:08+00:00\",\"description\":\"Nos collaborateurs Unisson Belgique \u00e9taient pr\u00e9sents aux Assises Face et Cou de Cannes. Un investissement continu pour un service audioproth\u00e9tique toujours plus qualitatif et centr\u00e9 sur le patient.\",\"inLanguage\":\"fr-BE\",\"potentialAction\":[{\"@type\":\"ReadAction\",\"target\":[\"https:\/\/www.laboratoires-unisson.com\/fr-be\/actualites\/nos-audioprothesistes-unisson-belgique-etaient-present-aux-assises-face-et-cou\"]}]},{\"@type\":\"ImageObject\",\"inLanguage\":\"fr-BE\",\"@id\":\"https:\/\/www.laboratoires-unisson.com\/fr-be\/actualites\/nos-audioprothesistes-unisson-belgique-etaient-present-aux-assises-face-et-cou#primaryimage\",\"url\":\"https:\/\/www.laboratoires-unisson.com\/wp-content\/uploads\/2026\/01\/Assises-Face-et-Cou.png\",\"contentUrl\":\"https:\/\/www.laboratoires-unisson.com\/wp-content\/uploads\/2026\/01\/Assises-Face-et-Cou.png\",\"width\":390,\"height\":260,\"caption\":\"Assises Face et Cou\"},{\"@type\":\"WebSite\",\"@id\":\"https:\/\/www.laboratoires-unisson.com\/fr-be#website\",\"url\":\"https:\/\/www.laboratoires-unisson.com\/fr-be\",\"name\":\"Laboratoires Unisson\",\"description\":\"Appareil auditif et proth\u00e8se auditive Moins Cher jusqu&#039;\u00e0 -40%\",\"publisher\":{\"@id\":\"https:\/\/www.laboratoires-unisson.com\/fr-be#organization\"},\"potentialAction\":[{\"@type\":\"SearchAction\",\"target\":{\"@type\":\"EntryPoint\",\"urlTemplate\":\"https:\/\/www.laboratoires-unisson.com\/fr-be?s={search_term_string}\"},\"query-input\":{\"@type\":\"PropertyValueSpecification\",\"valueRequired\":true,\"valueName\":\"search_term_string\"}}],\"inLanguage\":\"fr-BE\"},{\"@type\":\"Organization\",\"@id\":\"https:\/\/www.laboratoires-unisson.com\/fr-be#organization\",\"name\":\"Laboratoires Unisson\",\"url\":\"https:\/\/www.laboratoires-unisson.com\/fr-be\",\"logo\":{\"@type\":\"ImageObject\",\"inLanguage\":\"fr-BE\",\"@id\":\"https:\/\/www.laboratoires-unisson.com\/fr-be#\/schema\/logo\/image\/\",\"url\":\"https:\/\/www.laboratoires-unisson.com\/wp-content\/uploads\/2022\/01\/logo-unisson.svg\",\"contentUrl\":\"https:\/\/www.laboratoires-unisson.com\/wp-content\/uploads\/2022\/01\/logo-unisson.svg\",\"width\":1,\"height\":1,\"caption\":\"Laboratoires Unisson\"},\"image\":{\"@id\":\"https:\/\/www.laboratoires-unisson.com\/fr-be#\/schema\/logo\/image\/\"}},{\"@type\":\"Person\",\"@id\":\"https:\/\/www.laboratoires-unisson.com\/fr-be#\/schema\/person\/1afe8f8cbf352378931ed50ec2c345d9\",\"name\":\"T\u00e9o Delorme\",\"sameAs\":[\"https:\/\/www.linkedin.com\/in\/teo-delorme-473780293\/\"]}]}<\/script>\n<!-- \/ Yoast SEO plugin. -->","yoast_head_json":{"title":"Assises Face et Cou : Unisson Belgique \u00e0 la pointe du savoir-faire ORL","description":"Nos collaborateurs Unisson Belgique \u00e9taient pr\u00e9sents aux Assises Face et Cou de Cannes. Un investissement continu pour un service audioproth\u00e9tique toujours plus qualitatif et centr\u00e9 sur le patient.","robots":{"index":"index","follow":"follow","max-snippet":"max-snippet:-1","max-image-preview":"max-image-preview:large","max-video-preview":"max-video-preview:-1"},"canonical":"https:\/\/www.laboratoires-unisson.com\/fr-be\/wp-json\/wp\/v2\/posts\/32361","og_locale":"fr_FR","og_type":"article","og_title":"Assises Face et Cou : Unisson Belgique \u00e0 la pointe du savoir-faire ORL","og_description":"Nos collaborateurs Unisson Belgique \u00e9taient pr\u00e9sents aux Assises Face et Cou de Cannes. Un investissement continu pour un service audioproth\u00e9tique toujours plus qualitatif et centr\u00e9 sur le patient.","og_url":"https:\/\/www.laboratoires-unisson.com\/fr-be\/actualites\/nos-audioprothesistes-unisson-belgique-etaient-present-aux-assises-face-et-cou","og_site_name":"Laboratoires Unisson","article_published_time":"2026-01-28T15:48:08+00:00","og_image":[{"width":390,"height":260,"url":"https:\/\/www.laboratoires-unisson.com\/wp-content\/uploads\/2026\/01\/Assises-Face-et-Cou.png","type":"image\/png"}],"author":"T\u00e9o Delorme","twitter_card":"summary_large_image","twitter_misc":{"Written by":"T\u00e9o Delorme","Est. reading time":"1 minute"},"schema":{"@context":"https:\/\/schema.org","@graph":[{"@type":"Article","@id":"https:\/\/www.laboratoires-unisson.com\/fr-be\/actualites\/nos-audioprothesistes-unisson-belgique-etaient-present-aux-assises-face-et-cou#article","isPartOf":{"@id":"https:\/\/www.laboratoires-unisson.com\/fr-be\/actualites\/nos-audioprothesistes-unisson-belgique-etaient-present-aux-assises-face-et-cou"},"author":{"name":"T\u00e9o Delorme","@id":"https:\/\/www.laboratoires-unisson.com\/fr-be#\/schema\/person\/1afe8f8cbf352378931ed50ec2c345d9"},"headline":"Nos audioproth\u00e9sistes Unisson Belgique \u00e9taient pr\u00e9sent aux Assises Face et Cou","datePublished":"2026-01-28T15:48:08+00:00","mainEntityOfPage":{"@id":"https:\/\/www.laboratoires-unisson.com\/fr-be\/actualites\/nos-audioprothesistes-unisson-belgique-etaient-present-aux-assises-face-et-cou"},"wordCount":13,"commentCount":0,"publisher":{"@id":"https:\/\/www.laboratoires-unisson.com\/fr-be#organization"},"image":{"@id":"https:\/\/www.laboratoires-unisson.com\/fr-be\/actualites\/nos-audioprothesistes-unisson-belgique-etaient-present-aux-assises-face-et-cou#primaryimage"},"thumbnailUrl":"https:\/\/www.laboratoires-unisson.com\/wp-content\/uploads\/2026\/01\/Assises-Face-et-Cou.png","articleSection":["Non classifi\u00e9(e)"],"inLanguage":"fr-BE","potentialAction":[{"@type":"CommentAction","name":"Comment","target":["https:\/\/www.laboratoires-unisson.com\/fr-be\/actualites\/nos-audioprothesistes-unisson-belgique-etaient-present-aux-assises-face-et-cou#respond"]}]},{"@type":"WebPage","@id":"https:\/\/www.laboratoires-unisson.com\/fr-be\/actualites\/nos-audioprothesistes-unisson-belgique-etaient-present-aux-assises-face-et-cou","url":"https:\/\/www.laboratoires-unisson.com\/fr-be\/actualites\/nos-audioprothesistes-unisson-belgique-etaient-present-aux-assises-face-et-cou","name":"Assises Face et Cou : Unisson Belgique \u00e0 la pointe du savoir-faire ORL","isPartOf":{"@id":"https:\/\/www.laboratoires-unisson.com\/fr-be#website"},"primaryImageOfPage":{"@id":"https:\/\/www.laboratoires-unisson.com\/fr-be\/actualites\/nos-audioprothesistes-unisson-belgique-etaient-present-aux-assises-face-et-cou#primaryimage"},"image":{"@id":"https:\/\/www.laboratoires-unisson.com\/fr-be\/actualites\/nos-audioprothesistes-unisson-belgique-etaient-present-aux-assises-face-et-cou#primaryimage"},"thumbnailUrl":"https:\/\/www.laboratoires-unisson.com\/wp-content\/uploads\/2026\/01\/Assises-Face-et-Cou.png","datePublished":"2026-01-28T15:48:08+00:00","description":"Nos collaborateurs Unisson Belgique \u00e9taient pr\u00e9sents aux Assises Face et Cou de Cannes. Un investissement continu pour un service audioproth\u00e9tique toujours plus qualitatif et centr\u00e9 sur le patient.","inLanguage":"fr-BE","potentialAction":[{"@type":"ReadAction","target":["https:\/\/www.laboratoires-unisson.com\/fr-be\/actualites\/nos-audioprothesistes-unisson-belgique-etaient-present-aux-assises-face-et-cou"]}]},{"@type":"ImageObject","inLanguage":"fr-BE","@id":"https:\/\/www.laboratoires-unisson.com\/fr-be\/actualites\/nos-audioprothesistes-unisson-belgique-etaient-present-aux-assises-face-et-cou#primaryimage","url":"https:\/\/www.laboratoires-unisson.com\/wp-content\/uploads\/2026\/01\/Assises-Face-et-Cou.png","contentUrl":"https:\/\/www.laboratoires-unisson.com\/wp-content\/uploads\/2026\/01\/Assises-Face-et-Cou.png","width":390,"height":260,"caption":"Assises Face et Cou"},{"@type":"WebSite","@id":"https:\/\/www.laboratoires-unisson.com\/fr-be#website","url":"https:\/\/www.laboratoires-unisson.com\/fr-be","name":"Laboratoires Unisson","description":"Appareil auditif et proth\u00e8se auditive Moins Cher jusqu&#039;\u00e0 -40%","publisher":{"@id":"https:\/\/www.laboratoires-unisson.com\/fr-be#organization"},"potentialAction":[{"@type":"SearchAction","target":{"@type":"EntryPoint","urlTemplate":"https:\/\/www.laboratoires-unisson.com\/fr-be?s={search_term_string}"},"query-input":{"@type":"PropertyValueSpecification","valueRequired":true,"valueName":"search_term_string"}}],"inLanguage":"fr-BE"},{"@type":"Organization","@id":"https:\/\/www.laboratoires-unisson.com\/fr-be#organization","name":"Laboratoires Unisson","url":"https:\/\/www.laboratoires-unisson.com\/fr-be","logo":{"@type":"ImageObject","inLanguage":"fr-BE","@id":"https:\/\/www.laboratoires-unisson.com\/fr-be#\/schema\/logo\/image\/","url":"https:\/\/www.laboratoires-unisson.com\/wp-content\/uploads\/2022\/01\/logo-unisson.svg","contentUrl":"https:\/\/www.laboratoires-unisson.com\/wp-content\/uploads\/2022\/01\/logo-unisson.svg","width":1,"height":1,"caption":"Laboratoires Unisson"},"image":{"@id":"https:\/\/www.laboratoires-unisson.com\/fr-be#\/schema\/logo\/image\/"}},{"@type":"Person","@id":"https:\/\/www.laboratoires-unisson.com\/fr-be#\/schema\/person\/1afe8f8cbf352378931ed50ec2c345d9","name":"T\u00e9o Delorme","sameAs":["https:\/\/www.linkedin.com\/in\/teo-delorme-473780293\/"]}]}},"_links":{"self":[{"href":"https:\/\/www.laboratoires-unisson.com\/fr-be\/wp-json\/wp\/v2\/posts\/32361","targetHints":{"allow":["GET"]}}],"collection":[{"href":"https:\/\/www.laboratoires-unisson.com\/fr-be\/wp-json\/wp\/v2\/posts"}],"about":[{"href":"https:\/\/www.laboratoires-unisson.com\/fr-be\/wp-json\/wp\/v2\/types\/post"}],"author":[{"embeddable":true,"href":"https:\/\/www.laboratoires-unisson.com\/fr-be\/wp-json\/wp\/v2\/users\/1596"}],"replies":[{"embeddable":true,"href":"https:\/\/www.laboratoires-unisson.com\/fr-be\/wp-json\/wp\/v2\/comments?post=32361"}],"version-history":[{"count":1,"href":"https:\/\/www.laboratoires-unisson.com\/fr-be\/wp-json\/wp\/v2\/posts\/32361\/revisions"}],"predecessor-version":[{"id":32365,"href":"https:\/\/www.laboratoires-unisson.com\/fr-be\/wp-json\/wp\/v2\/posts\/32361\/revisions\/32365"}],"wp:featuredmedia":[{"embeddable":true,"href":"https:\/\/www.laboratoires-unisson.com\/fr-be\/wp-json\/wp\/v2\/media\/32354"}],"wp:attachment":[{"href":"https:\/\/www.laboratoires-unisson.com\/fr-be\/wp-json\/wp\/v2\/media?parent=32361"}],"wp:term":[{"taxonomy":"category","embeddable":true,"href":"https:\/\/www.laboratoires-unisson.com\/fr-be\/wp-json\/wp\/v2\/categories?post=32361"},{"taxonomy":"post_tag","embeddable":true,"href":"https:\/\/www.laboratoires-unisson.com\/fr-be\/wp-json\/wp\/v2\/tags?post=32361"}],"curies":[{"name":"wp","href":"https:\/\/api.w.org\/{rel}","templated":true}]}}